{"id":55793,"date":"2025-10-14T22:26:08","date_gmt":"2025-10-14T22:26:08","guid":{"rendered":"https:\/\/www.europesays.com\/se\/55793\/"},"modified":"2025-10-14T22:26:08","modified_gmt":"2025-10-14T22:26:08","slug":"svenska-u21-landslaget-faller-ihop","status":"publish","type":"post","link":"https:\/\/www.europesays.com\/se\/55793\/","title":{"rendered":"Svenska U21-landslaget faller ihop"},"content":{"rendered":"<p>Publicerad 14 okt 2025 kl 19.00Uppdaterad kl 22.42<\/p>\n<p>Sverige nattsvarta oktobersamling \u00e4r \u00f6ver.<\/p>\n<p>U21-landslaget avslutade det med att bli f\u00f6rnedrat av Polen med 6\u20130 (!) i EM-kvalet.<\/p>\n<p>\u2013 Men herregud, vad \u00e4r det h\u00e4r? s\u00e4ger Viaplays kommentator Henrik Str\u00f6mblad.<\/p>\n<p><img loading=\"lazy\"   alt=\"\"\/> <\/p>\n<p>Foto: CARL SANDIN \/ BILDBYR\u00c5N<\/p>\n<p>\u00d6ppna bild i helsk\u00e4rm<img loading=\"lazy\"   alt=\"\"\/> <\/p>\n<p>Foto: CARL SANDIN \/ BILDBYR\u00c5N<\/p>\n<p>\u00d6ppna bild i helsk\u00e4rm<\/p>\n<p>Inte ens ett dygn har g\u00e5tt sedan Sverige f\u00f6rlorade mot Kosovo och Jon Dahl Tomasson fick sparken som f\u00f6rbundskapten.<\/p>\n<p>Och faktum \u00e4r det \u00e4r inte bara \u00e4r hos A-landslaget som motvinden piskar i ansiktet.<\/p>\n<p>Det svenska U21-landslaget upplever en liknande kr\u00e4ftg\u00e5ng. Efter fyra EM-kvalmatcher \u00e4r Sverige n\u00e4stjumbo, med tre inspelade po\u00e4ng.<\/p>\n<p>Under tisdagskv\u00e4llen f\u00f6ljde U21-herrarna upp tv\u00e5 raka f\u00f6rluster mot Italien och Nordmakedonien \u2013 med att bli fullkomligt \u00f6verk\u00f6rda av Polen i J\u00f6nk\u00f6ping.<\/p>\n<p>Sveriges nattsvarta oktobersamling<\/p>\n<p>Sverige \u2013 Schweiz 0\u20132<\/p>\n<p>Sverige \u2013 Kosovo 0\u20131<\/p>\n<p>Italien \u2013 Sverige 4\u20130 (U21)<\/p>\n<p>Sverige\u2013 Polen 0\u20136 (U21)<\/p>\n<p>4 matcher, 4 f\u00f6rluster, 0\u201313 i m\u00e5lskillnad<\/p>\n<p>Visa mer<\/p>\n<p>Polen ledde med 3\u20130 efter 45 minuter. Tomasz Pienko gjorde tv\u00e5 av m\u00e5len. N\u00e4r spelarna l\u00e4mnade planen f\u00f6r halvtid h\u00f6rdes burop fr\u00e5n l\u00e4ktarplats.<\/p>\n<p>\u2013 Det \u00e4r rimligt att det buas. Alla som hejar p\u00e5 Sverige, vill ju ha en b\u00e4ttre prestation. Att det ropas \u00e4r l\u00e4gligt, s\u00e4ger U21-landslagets f\u00f6rbundskapten Daniel B\u00e4ckstr\u00f6m till SVT.<\/p>\n<p>Slutresultatet skrevs till hela 6\u20130.<\/p>\n<p>Matchens sista m\u00e5l tillkom efter en n\u00e4tt liten chipp \u00f6ver Andr\u00e9 Picornell fr\u00e5n hattrickskytten Tomasz Pienko.<\/p>\n<p>\u2013 Men herregud, vad \u00e4r det h\u00e4r? s\u00e4ger Henrik Str\u00f6mblad f\u00f6rtvivlat i Viaplays s\u00e4ndning.<\/p>\n<p>Med Jon Dahl Tomassons avsked f\u00e4rskt i minnet, fick Daniel B\u00e4ckstr\u00f6m fr\u00e5gan om sin egen framtid som f\u00f6rbundskapten f\u00f6r U21-landslaget.<\/p>\n<p>\u2013 Jag tror p\u00e5 de vi g\u00f6r h\u00e4r, jag tror p\u00e5 gruppen. Sen om min framtid diskuteras \u00e4r det mina chefer som f\u00e5r svara p\u00e5, s\u00e4ger han till SVT.<\/p>\n<p>Sveriges kvalgrupp till U21-EM<\/p>\n<p>1. Polen 12 po\u00e4ng<\/p>\n<p>2. Italien 9<\/p>\n<p>3. Montenegro\t6<\/p>\n<p>4. Nordmakedonien\t3<\/p>\n<p><strong>5. Sverige 3<\/strong><\/p>\n<p>6. Armenien 0<\/p>\n<p>Samtliga nationer har spelat fyra matcher, f\u00f6rutom Italien och Armenien.<\/p>\n<p>Gruppettan blir direktkvalificerad till U21-EM i Albanien och Serbien.<\/p>\n<p>Grupptv\u00e5an f\u00e5r spela playoff.<\/p>\n<p>Visa mer<\/p>\n","protected":false},"excerpt":{"rendered":"Publicerad 14 okt 2025 kl 19.00Uppdaterad kl 22.42 Sverige nattsvarta oktobersamling \u00e4r \u00f6ver. U21-landslaget avslutade det med att&hellip;\n","protected":false},"author":2,"featured_media":55794,"comment_status":"","ping_status":"","sticky":false,"template":"","format":"standard","meta":{"footnotes":""},"categories":[68],"tags":[34,129,146,111,110,31,33,32,30],"class_list":{"0":"post-55793","1":"post","2":"type-post","3":"status-publish","4":"format-standard","5":"has-post-thumbnail","7":"category-sport","8":"tag-se","9":"tag-sections-fotboll","10":"tag-sections-landslaget","11":"tag-sport","12":"tag-sports","13":"tag-svenska","14":"tag-sverige","15":"tag-sweden","16":"tag-swedish"},"share_on_mastodon":{"url":"","error":""},"_links":{"self":[{"href":"https:\/\/www.europesays.com\/se\/wp-json\/wp\/v2\/posts\/55793","targetHints":{"allow":["GET"]}}],"collection":[{"href":"https:\/\/www.europesays.com\/se\/wp-json\/wp\/v2\/posts"}],"about":[{"href":"https:\/\/www.europesays.com\/se\/wp-json\/wp\/v2\/types\/post"}],"author":[{"embeddable":true,"href":"https:\/\/www.europesays.com\/se\/wp-json\/wp\/v2\/users\/2"}],"replies":[{"embeddable":true,"href":"https:\/\/www.europesays.com\/se\/wp-json\/wp\/v2\/comments?post=55793"}],"version-history":[{"count":0,"href":"https:\/\/www.europesays.com\/se\/wp-json\/wp\/v2\/posts\/55793\/revisions"}],"wp:featuredmedia":[{"embeddable":true,"href":"https:\/\/www.europesays.com\/se\/wp-json\/wp\/v2\/media\/55794"}],"wp:attachment":[{"href":"https:\/\/www.europesays.com\/se\/wp-json\/wp\/v2\/media?parent=55793"}],"wp:term":[{"taxonomy":"category","embeddable":true,"href":"https:\/\/www.europesays.com\/se\/wp-json\/wp\/v2\/categories?post=55793"},{"taxonomy":"post_tag","embeddable":true,"href":"https:\/\/www.europesays.com\/se\/wp-json\/wp\/v2\/tags?post=55793"}],"curies":[{"name":"wp","href":"https:\/\/api.w.org\/{rel}","templated":true}]}}