{"id":55803,"date":"2025-10-15T00:04:11","date_gmt":"2025-10-15T00:04:11","guid":{"rendered":"https:\/\/www.europesays.com\/se\/55803\/"},"modified":"2025-10-15T00:04:11","modified_gmt":"2025-10-15T00:04:11","slug":"apple-tv-plus-far-nytt-namn-samma-som-tv-boxen-och-befintlig-app","status":"publish","type":"post","link":"https:\/\/www.europesays.com\/se\/55803\/","title":{"rendered":"Apple TV Plus f\u00e5r nytt namn, samma som tv-boxen och befintlig app"},"content":{"rendered":"<p class=\"kicker t20 font-Raleway\" style=\"\">B\u00e4ddat f\u00f6r sammanblandning<\/p>\n<p>    Apples streamingtj\u00e4nst med filmer och serier f\u00e5r ett nytt namn. Det som f\u00f6rut hette Apple TV Plus heter nu bara Apple TV.<\/p>\n<p>Apple har sin tv-box med fj\u00e4rrkontroll sedan l\u00e4nge, Apple TV. Nu byter de allts\u00e5 namn p\u00e5 sin streamingtj\u00e4nst Apple TV Plus s\u00e5 den f\u00e5r samma namn som boxen. Sedan tidigare finns \u00e4ven appen Apple TV f\u00f6r b\u00e5de mobiler och olika smarta tv-apparater d\u00e4r Apples egen streamingtj\u00e4nst samlas tillsammans med inneh\u00e5ll fr\u00e5n andra tj\u00e4nster som SVT Play, Disney+, HBO Max och andra.<\/p>\n<p>Det \u00e4r i samband med att Apples TV:s l\u00e5ngfilm F1 ska f\u00e5 streamingpremi\u00e4r som Apple presenterar det nya namnet p\u00e5 sin stremingtj\u00e4nst. &#8221;Apple TV+ f\u00e5r en ny energisk identitet och kallas nu helt enkelt Apple TV&#8221; \u00e4r orden Apple sj\u00e4lva anv\u00e4nder.<\/p>\n<p>Streamingtj\u00e4nsten Apple TV finns f\u00f6rst och fr\u00e4mst p\u00e5 Apples egna enheter, som Mac-datorer, Ipad, Iphone och i tv-boxen Apple TV, men \u00e4r \u00e4ven tillg\u00e4nglig i Android, i m\u00e5nga smart-tv-tillverkares tv-apparater, i spelkonsoler som Xbox och Playstation samt direkt i webbl\u00e4saren p\u00e5 valfri enhet.\u00a0<\/p>\n","protected":false},"excerpt":{"rendered":"B\u00e4ddat f\u00f6r sammanblandning Apples streamingtj\u00e4nst med filmer och serier f\u00e5r ett nytt namn. Det som f\u00f6rut hette Apple&hellip;\n","protected":false},"author":2,"featured_media":55804,"comment_status":"","ping_status":"","sticky":false,"template":"","format":"standard","meta":{"footnotes":""},"categories":[66],"tags":[80,78,79,34,31,33,32,30,81,84,83,82],"class_list":{"0":"post-55803","1":"post","2":"type-post","3":"status-publish","4":"format-standard","5":"has-post-thumbnail","7":"category-vetenskap-och-teknik","8":"tag-science","9":"tag-science-and-technology","10":"tag-scienceandtechnology","11":"tag-se","12":"tag-svenska","13":"tag-sverige","14":"tag-sweden","15":"tag-swedish","16":"tag-technology","17":"tag-teknik","18":"tag-vetenskap","19":"tag-vetenskapteknik"},"share_on_mastodon":{"url":"","error":""},"_links":{"self":[{"href":"https:\/\/www.europesays.com\/se\/wp-json\/wp\/v2\/posts\/55803","targetHints":{"allow":["GET"]}}],"collection":[{"href":"https:\/\/www.europesays.com\/se\/wp-json\/wp\/v2\/posts"}],"about":[{"href":"https:\/\/www.europesays.com\/se\/wp-json\/wp\/v2\/types\/post"}],"author":[{"embeddable":true,"href":"https:\/\/www.europesays.com\/se\/wp-json\/wp\/v2\/users\/2"}],"replies":[{"embeddable":true,"href":"https:\/\/www.europesays.com\/se\/wp-json\/wp\/v2\/comments?post=55803"}],"version-history":[{"count":0,"href":"https:\/\/www.europesays.com\/se\/wp-json\/wp\/v2\/posts\/55803\/revisions"}],"wp:featuredmedia":[{"embeddable":true,"href":"https:\/\/www.europesays.com\/se\/wp-json\/wp\/v2\/media\/55804"}],"wp:attachment":[{"href":"https:\/\/www.europesays.com\/se\/wp-json\/wp\/v2\/media?parent=55803"}],"wp:term":[{"taxonomy":"category","embeddable":true,"href":"https:\/\/www.europesays.com\/se\/wp-json\/wp\/v2\/categories?post=55803"},{"taxonomy":"post_tag","embeddable":true,"href":"https:\/\/www.europesays.com\/se\/wp-json\/wp\/v2\/tags?post=55803"}],"curies":[{"name":"wp","href":"https:\/\/api.w.org\/{rel}","templated":true}]}}