{"id":55806,"date":"2025-10-15T00:46:16","date_gmt":"2025-10-15T00:46:16","guid":{"rendered":"https:\/\/www.europesays.com\/se\/55806\/"},"modified":"2025-10-15T00:46:16","modified_gmt":"2025-10-15T00:46:16","slug":"biden-berommer-trump-tacksam-goteborgs-posten","status":"publish","type":"post","link":"https:\/\/www.europesays.com\/se\/55806\/","title":{"rendered":"Biden ber\u00f6mmer Trump: \u201dTacksam\u201d | G\u00f6teborgs-Posten"},"content":{"rendered":"<p>\u201dJag ber\u00f6mmer president Trump och hans stab f\u00f6r deras arbete med att f\u00e5 igenom en f\u00f6rnyad vapenvila&#8221;, skriver Joe Biden i ett inl\u00e4gg p\u00e5 X.<\/p>\n<p>Expresidenten uppger att han \u00e4r \u201dtacksam och l\u00e4ttad\u201d och att \u00e4ven hans regering arbetade f\u00f6r att striderna skulle upph\u00f6ra.<\/p>\n<p>\u201dV\u00e4gen till detta avtal var inte l\u00e4tt. Min regering har arbetat outtr\u00f6ttligt f\u00f6r att f\u00e5 hem gisslan, ge hj\u00e4lp till palestinska civila och f\u00e5 slut p\u00e5 kriget\u201d, skriver Biden i samma inl\u00e4gg.<\/p>\n<p>\u00c4ven expresidenten och demokraten Bill Clinton hyllar Trump.<\/p>\n<p>\u201dPresident Trump och hans regering, Qatar och andra regionala akt\u00f6rer f\u00f6rtj\u00e4nar ett stort erk\u00e4nnande\u201d, s\u00e4ger Clinton bland annat i ett uttalande.<\/p>\n<p>Under f\u00f6rra veckan gick Israel och Hamas med p\u00e5 en vapenvila, som en f\u00f6rsta fas i Trumpregeringens fredsplan. P\u00e5 m\u00e5ndagen l\u00e4mnade Hamas ut gisslan i utbyte mot f\u00e4ngslade palestinier.<\/p>\n","protected":false},"excerpt":{"rendered":"\u201dJag ber\u00f6mmer president Trump och hans stab f\u00f6r deras arbete med att f\u00e5 igenom en f\u00f6rnyad vapenvila&#8221;, skriver&hellip;\n","protected":false},"author":2,"featured_media":55807,"comment_status":"","ping_status":"","sticky":false,"template":"","format":"standard","meta":{"footnotes":""},"categories":[14],"tags":[22,23,26,27,17,21,24,25,28,29,15,16,18,34,31,33,32,30,19,20,51,52,53,54],"class_list":{"0":"post-55806","1":"post","2":"type-post","3":"status-publish","4":"format-standard","5":"has-post-thumbnail","7":"category-varlden","8":"tag-breaking-news","9":"tag-breakingnews","10":"tag-featured-news","11":"tag-featurednews","12":"tag-headlines","13":"tag-huvudnyheter","14":"tag-latest-news","15":"tag-latestnews","16":"tag-main-news","17":"tag-mainnews","18":"tag-news","19":"tag-nyheter","20":"tag-rubriker","21":"tag-se","22":"tag-svenska","23":"tag-sverige","24":"tag-sweden","25":"tag-swedish","26":"tag-top-stories","27":"tag-topstories","28":"tag-varlden","29":"tag-world","30":"tag-world-news","31":"tag-worldnews"},"share_on_mastodon":{"url":"","error":""},"_links":{"self":[{"href":"https:\/\/www.europesays.com\/se\/wp-json\/wp\/v2\/posts\/55806","targetHints":{"allow":["GET"]}}],"collection":[{"href":"https:\/\/www.europesays.com\/se\/wp-json\/wp\/v2\/posts"}],"about":[{"href":"https:\/\/www.europesays.com\/se\/wp-json\/wp\/v2\/types\/post"}],"author":[{"embeddable":true,"href":"https:\/\/www.europesays.com\/se\/wp-json\/wp\/v2\/users\/2"}],"replies":[{"embeddable":true,"href":"https:\/\/www.europesays.com\/se\/wp-json\/wp\/v2\/comments?post=55806"}],"version-history":[{"count":0,"href":"https:\/\/www.europesays.com\/se\/wp-json\/wp\/v2\/posts\/55806\/revisions"}],"wp:featuredmedia":[{"embeddable":true,"href":"https:\/\/www.europesays.com\/se\/wp-json\/wp\/v2\/media\/55807"}],"wp:attachment":[{"href":"https:\/\/www.europesays.com\/se\/wp-json\/wp\/v2\/media?parent=55806"}],"wp:term":[{"taxonomy":"category","embeddable":true,"href":"https:\/\/www.europesays.com\/se\/wp-json\/wp\/v2\/categories?post=55806"},{"taxonomy":"post_tag","embeddable":true,"href":"https:\/\/www.europesays.com\/se\/wp-json\/wp\/v2\/tags?post=55806"}],"curies":[{"name":"wp","href":"https:\/\/api.w.org\/{rel}","templated":true}]}}