{"id":55884,"date":"2025-10-15T04:23:07","date_gmt":"2025-10-15T04:23:07","guid":{"rendered":"https:\/\/www.europesays.com\/se\/55884\/"},"modified":"2025-10-15T04:23:07","modified_gmt":"2025-10-15T04:23:07","slug":"200-ariga-ekar-och-hassel-skyddas-mot-byggplaner","status":"publish","type":"post","link":"https:\/\/www.europesays.com\/se\/55884\/","title":{"rendered":"200-\u00e5riga ekar och hassel skyddas mot byggplaner"},"content":{"rendered":"<p><img decoding=\"async\" class=\"Image Image_\" src=\"\" data-aghref=\"http:\/\/www.mitti.se\/image-3.344113.259062.20251015040702.9986733da5\" data-agimagetype=\"hardcrop\" alt=\"Ek- och hasselskogarna i delar av V\u00e5rberg anses unika och utses nu till biotoskyddsomr\u00e5de.\"\/><\/p>\n<p class=\"Caption\">Ek- och hasselskogarna i delar av V\u00e5rberg anses unika och utses nu till biotoskyddsomr\u00e5de.<\/p>\n<p class=\"Source\">Solveig Edlund<\/p>\n<p>Skogsomr\u00e5det mellan V\u00e5rbergs IP och V\u00e4sterholms friskola blir biotopskyddsomr\u00e5de. H\u00e4r v\u00e4xer 200-\u00e5riga ekar, hassel, vitsippor, liljekonvaljer och midsommarblomster som nu ska skyddas fr\u00e5n byggen. Det beslutade kommunfullm\u00e4ktige i veckan. <\/p>\n<p class=\"text\">F\u00f6rt\u00e4tningen av Sk\u00e4rholmens stadsdelsomr\u00e5de p\u00e5g\u00e5r f\u00f6r fullt. V\u00e5rbergsv\u00e4gen, som ska bli en modern stadsgata som binder ihop V\u00e5rberg med Sk\u00e4rholmen, kantas av b\u00e5da nybyggen och kommande projekt. Det \u00f6kar behovet av att skydda extra v\u00e4rdefull natur, b\u00e5de f\u00f6r friluftsliv och f\u00f6r den biologiska m\u00e5ngfaldens skull. Just omr\u00e5det mellan V\u00e5rbergs IP och V\u00e4sterholms friskola anses extra v\u00e4rdefullt.<\/p>\n<p class=\"text\">\u2013 H\u00e4r finns sp\u00e5r av hur omr\u00e5det s\u00e5g ut innan alla husen byggdes. M\u00e4nniskor har bott h\u00e4r i minst 2000 \u00e5r och haft betesdjur som f\u00e5r och kossor som har skapat det h\u00e4r landskapet med 200-\u00e5riga ekar och mycket hassel. Lanskapet \u00e4r mycket vackert med stora tr\u00e4d, buskar och blommor och m\u00e5nga tycker om att promenera h\u00e4r, s\u00e4ger Love \u00d6rsan, parkingenj\u00f6r i Sk\u00e4rholmen.\u00a0<\/p>\n<p><img decoding=\"async\" class=\"Image Image_\" src=\"\" data-aghref=\"http:\/\/www.mitti.se\/image-3.198592.259062.20251015040702.10656239a8\" data-agimagetype=\"hardcrop\" alt=\"Love \u00d6rsan visar svampen korkmussling som v\u00e4xer p\u00e5 ekar i omr\u00e5det och g\u00f6r tr\u00e4et mjukt s\u00e5 att f\u00e5glar kan bygga bo d\u00e4r. Arkivbild. \"\/><\/p>\n<p class=\"Caption\">Love \u00d6rsan visar svampen korkmussling som v\u00e4xer p\u00e5 ekar i omr\u00e5det och g\u00f6r tr\u00e4et mjukt s\u00e5 att f\u00e5glar kan bygga bo d\u00e4r. Arkivbild. <\/p>\n<p class=\"Source\">Johanna Wall\u00e9n<\/p>\n<p class=\"text\">I omr\u00e5det trivs \u00e4ven svampar, f\u00e5glar, insekter och blommor som vitsippor, liljekonvalj och midsommarblomster. D\u00e4r finns ocks\u00e5 en stens\u00e4ttning fr\u00e5n brons\u00e5ldern och tv\u00e5 gravf\u00e4lt fr\u00e5n j\u00e4rn\u00e5ldern som best\u00e5r av sm\u00e5 kullar.\u00a0<\/p>\n<p>Naturen skyddas<\/p>\n<p class=\"text\">Nu har kommunfullm\u00e4ktige beslutat att omr\u00e5det blir ett s\u00e5 kallat biotopskyddsomr\u00e5de. Det fungerar ungef\u00e4r som ett naturreservat men g\u00e4ller mindre omr\u00e5den och \u00e4r knutet till det som v\u00e4xer d\u00e4r.<\/p>\n<p class=\"text\">\u00a0\u2013 Hassellundar \u00e4r viktiga f\u00f6r den biologiska m\u00e5ngfalden och har stor betydelse f\u00f6r m\u00e5nga andra arter, det ger exempelvis n\u00f6tter till ekorrar och vitsippor trivs h\u00e4r. Det h\u00e4r inneb\u00e4r att vi skyddar det h\u00e4r omr\u00e5det fr\u00e5n byggnation och att\u00a0vi tittar p\u00e5 hur omr\u00e5det ska sk\u00f6tas och skjuter till mer pengar n\u00e4sta \u00e5r f\u00f6r att stadsdelen ska kunna ta hand om det, s\u00e4ger milj\u00f6- och klimatborgarr\u00e5det \u00c5sa Lindhagen (MP).\u00a0<\/p>\n<p><img decoding=\"async\" class=\"Image Image_\" src=\"\" data-aghref=\"http:\/\/www.mitti.se\/image-3.344107.259062.20251015040702.1.494f722037\" data-agimagetype=\"hardcrop\" alt=\"\u2013 Det h\u00e4r inneb\u00e4r att vi skyddar omr\u00e5det fr\u00e5n byggnation, s\u00e4ger \u00c5sa Lindhagen (MP) milj\u00f6- och klimatborgarr\u00e5d. \"\/><\/p>\n<p class=\"Caption\">\u2013 Det h\u00e4r inneb\u00e4r att vi skyddar omr\u00e5det fr\u00e5n byggnation, s\u00e4ger \u00c5sa Lindhagen (MP) milj\u00f6- och klimatborgarr\u00e5d. <\/p>\n<p class=\"Source\">Linne\u0301a Magne\u0301r<\/p>\n<p class=\"text\">F\u00f6rst ut att f\u00e5 biotopskydd i Stockholm var Olovslunden i Bromma. I m\u00e5ndags beslutade kommunfullm\u00e4ktige \u00e4ven att omr\u00e5det i V\u00e5rberg, ett omr\u00e5de vid Sk\u00f6nstavik i Sk\u00f6ndal samt ett omr\u00e5de i Nockebyhov i Bromma ska bli biotopskyddsomr\u00e5den. Senare i h\u00f6st v\u00e4ntas \u00e4ven beslut om ett omr\u00e5de i Vinterviken, men \u00e4ven fler \u00e4r p\u00e5 g\u00e5ng.<\/p>\n<p class=\"text\">\u2013 Vi satsar p\u00e5 tio biotopskyddsomr\u00e5den den h\u00e4r mandatperioden och ska titta fram\u00e5t vilka omr\u00e5den som skulle kunna vara aktuella, s\u00e4ger \u00c5sa Lindhagen.\u00a0<\/p>\n<p class=\"faktarubrik\">Stadsdelsf\u00f6rvaltningen ska sk\u00f6ta omr\u00e5det<\/p>\n<p class=\"fakta\">F\u00f6r att en kommun ska kunna besluta om biotopskydd m\u00e5ste omr\u00e5det utg\u00f6ras av n\u00e5gon av 30 biotoptyper, listade i milj\u00f6balken.\u00a0<\/p>\n<p class=\"fakta\">13 oktober beslutade kommunfullm\u00e4ktige att skogsomr\u00e5det mellan V\u00e5rbergs IP och V\u00e4sterholms friskola ska bli biotopskyddsomr\u00e5de.<\/p>\n<p class=\"fakta\">Sk\u00e4rholmens stadsdelsf\u00f6rvaltning kommer att sk\u00f6ta om omr\u00e5det och ska f\u00e5 extra resurser av Stockholms stad.<\/p>\n<p class=\"fakta\">Totalt planerar staden att inr\u00e4tta tio biotopskyddsomr\u00e5den.<\/p>\n<p class=\"faktakalla\">K\u00e4lla: Stockholms stad\u00a0<\/p>\n<p class=\"citat\">Hassellundar \u00e4r viktiga f\u00f6r den biologiska m\u00e5ngfalden.<\/p>\n","protected":false},"excerpt":{"rendered":"Ek- och hasselskogarna i delar av V\u00e5rberg anses unika och utses nu till biotoskyddsomr\u00e5de. Solveig Edlund Skogsomr\u00e5det mellan&hellip;\n","protected":false},"author":2,"featured_media":55885,"comment_status":"","ping_status":"","sticky":false,"template":"","format":"standard","meta":{"footnotes":""},"categories":[12],"tags":[22,23,26,27,17,21,24,25,28,29,15,16,18,34,31,33,32,30,19,20],"class_list":{"0":"post-55884","1":"post","2":"type-post","3":"status-publish","4":"format-standard","5":"has-post-thumbnail","7":"category-sverige","8":"tag-breaking-news","9":"tag-breakingnews","10":"tag-featured-news","11":"tag-featurednews","12":"tag-headlines","13":"tag-huvudnyheter","14":"tag-latest-news","15":"tag-latestnews","16":"tag-main-news","17":"tag-mainnews","18":"tag-news","19":"tag-nyheter","20":"tag-rubriker","21":"tag-se","22":"tag-svenska","23":"tag-sverige","24":"tag-sweden","25":"tag-swedish","26":"tag-top-stories","27":"tag-topstories"},"share_on_mastodon":{"url":"","error":""},"_links":{"self":[{"href":"https:\/\/www.europesays.com\/se\/wp-json\/wp\/v2\/posts\/55884","targetHints":{"allow":["GET"]}}],"collection":[{"href":"https:\/\/www.europesays.com\/se\/wp-json\/wp\/v2\/posts"}],"about":[{"href":"https:\/\/www.europesays.com\/se\/wp-json\/wp\/v2\/types\/post"}],"author":[{"embeddable":true,"href":"https:\/\/www.europesays.com\/se\/wp-json\/wp\/v2\/users\/2"}],"replies":[{"embeddable":true,"href":"https:\/\/www.europesays.com\/se\/wp-json\/wp\/v2\/comments?post=55884"}],"version-history":[{"count":0,"href":"https:\/\/www.europesays.com\/se\/wp-json\/wp\/v2\/posts\/55884\/revisions"}],"wp:featuredmedia":[{"embeddable":true,"href":"https:\/\/www.europesays.com\/se\/wp-json\/wp\/v2\/media\/55885"}],"wp:attachment":[{"href":"https:\/\/www.europesays.com\/se\/wp-json\/wp\/v2\/media?parent=55884"}],"wp:term":[{"taxonomy":"category","embeddable":true,"href":"https:\/\/www.europesays.com\/se\/wp-json\/wp\/v2\/categories?post=55884"},{"taxonomy":"post_tag","embeddable":true,"href":"https:\/\/www.europesays.com\/se\/wp-json\/wp\/v2\/tags?post=55884"}],"curies":[{"name":"wp","href":"https:\/\/api.w.org\/{rel}","templated":true}]}}