{"id":55886,"date":"2025-10-15T04:24:14","date_gmt":"2025-10-15T04:24:14","guid":{"rendered":"https:\/\/www.europesays.com\/se\/55886\/"},"modified":"2025-10-15T04:24:14","modified_gmt":"2025-10-15T04:24:14","slug":"forstaeligt-att-l-tas-med-en-nypa-salt","status":"publish","type":"post","link":"https:\/\/www.europesays.com\/se\/55886\/","title":{"rendered":"F\u00f6rst\u00e5eligt att L tas med en nypa salt"},"content":{"rendered":"<p>Tisdagens ledarsidor behandlar regeringsfr\u00e5gan fr\u00e5n olika synvinklar. Problemen h\u00e4nger \u00f6ver s\u00e5v\u00e4l Tid\u00f6partierna som oppositionen.<\/p>\n<p>DN:s huvudledare tar ett grepp om sprickan som blottat sig i regeringsunderlaget i och med L:s besked att man s\u00e4ger nej till SD-ministrar efter valet. Statsminister Ulf Kristersson (M) har sagt att han tar beslutet med en \u201dstor nypa salt\u201d. Historien visar att han har fog f\u00f6r det, eftersom L bytt fot flera g\u00e5nger i sin h\u00e5llning till SD, skriver tidningen.<\/p>\n<p>\u201dDet \u00e4r inte s\u00e5 konstigt att M-ledaren dragit slutsatsen att det helt enkelt \u00e4r s\u00e5 Liberalerna fungerar.\u201d<\/p>\n<p>P\u00e5 andra sidan finns liknande problem. Centerpartiets Anna-Karin Hatt verkar inte alls k\u00e4nna sig hemma i s\u00e4llskapet med V och MP, skriver DI:s Bean Khalil. Dessv\u00e4rre \u00e4r Hatt fast p\u00e5 den planhalvan p\u00e5 grund av sitt motst\u00e5nd mot SD, till\u00e4gger han.<\/p>\n<p>\u201dEn r\u00f6st p\u00e5 C blir dessv\u00e4rre fortsatt en r\u00f6st f\u00f6r v\u00e4nsterpolitik.\u201d<\/p>\n<p>Aftonbladets Kalle Sundin noterade att Kristersson i s\u00f6ndagens partiledardebatt r\u00f6stade nej p\u00e5 fr\u00e5gan om det beh\u00f6vs en bred energipolitisk uppg\u00f6relse. Det blev en f\u00f6r\u00e4ndrad dynamik d\u00e4r S och KD turades om att ber\u00f6mma varandra, skriver han.<\/p>\n<p>\u201dOppositionsledaren var ansvarstagande. Energiministern ville konstruktivt fram\u00e5t. Statsministern? Han var inget annat \u00e4n sm\u00e5aktig.\u201d<\/p>\n<p>Omnis ledarsvep utg\u00e5r fr\u00e5n de st\u00f6rsta ledarsidorna i Sverige. Urvalet varierar dagligen. <\/p>\n<p>Omni \u00e4r politiskt obundna och oberoende. Vi str\u00e4var efter att ge fler perspektiv p\u00e5 nyheterna. Har du fr\u00e5gor eller synpunkter kring v\u00e5r rapportering? <a href=\"https:\/\/omni.se\/ledare-forstaeligt-att-l-tas-med-en-nypa-salt\/a\/mailto:redaktion@omni.se\" class=\"ArticleActions_contactLink__W2F1M\" rel=\"nofollow noopener\" target=\"_blank\">Kontakta redaktionen<\/a><\/p>\n","protected":false},"excerpt":{"rendered":"Tisdagens ledarsidor behandlar regeringsfr\u00e5gan fr\u00e5n olika synvinklar. Problemen h\u00e4nger \u00f6ver s\u00e5v\u00e4l Tid\u00f6partierna som oppositionen. DN:s huvudledare tar ett&hellip;\n","protected":false},"author":2,"featured_media":55887,"comment_status":"","ping_status":"","sticky":false,"template":"","format":"standard","meta":{"footnotes":""},"categories":[5],"tags":[2763,22,23,1983,1106,26,27,17,21,24,25,511,1633,639,28,29,15,16,2822,1632,369,18,34,1980,31,33,617,32,30,19,20,1111,3416],"class_list":{"0":"post-55886","1":"post","2":"type-post","3":"status-publish","4":"format-standard","5":"has-post-thumbnail","7":"category-rubriker","8":"tag-anna-karin-hatt","9":"tag-breaking-news","10":"tag-breakingnews","11":"tag-centerpartiet","12":"tag-ebba-busch","13":"tag-featured-news","14":"tag-featurednews","15":"tag-headlines","16":"tag-huvudnyheter","17":"tag-latest-news","18":"tag-latestnews","19":"tag-ledare","20":"tag-ledarsvepet","21":"tag-liberalerna","22":"tag-main-news","23":"tag-mainnews","24":"tag-news","25":"tag-nyheter","26":"tag-omnimallar","27":"tag-opinion","28":"tag-politik","29":"tag-rubriker","30":"tag-se","31":"tag-simona-mohamsson","32":"tag-svenska","33":"tag-sverige","34":"tag-sverigedemokraterna","35":"tag-sweden","36":"tag-swedish","37":"tag-top-stories","38":"tag-topstories","39":"tag-ulf-kristersson","40":"tag-valet-2026"},"share_on_mastodon":{"url":"","error":""},"_links":{"self":[{"href":"https:\/\/www.europesays.com\/se\/wp-json\/wp\/v2\/posts\/55886","targetHints":{"allow":["GET"]}}],"collection":[{"href":"https:\/\/www.europesays.com\/se\/wp-json\/wp\/v2\/posts"}],"about":[{"href":"https:\/\/www.europesays.com\/se\/wp-json\/wp\/v2\/types\/post"}],"author":[{"embeddable":true,"href":"https:\/\/www.europesays.com\/se\/wp-json\/wp\/v2\/users\/2"}],"replies":[{"embeddable":true,"href":"https:\/\/www.europesays.com\/se\/wp-json\/wp\/v2\/comments?post=55886"}],"version-history":[{"count":0,"href":"https:\/\/www.europesays.com\/se\/wp-json\/wp\/v2\/posts\/55886\/revisions"}],"wp:featuredmedia":[{"embeddable":true,"href":"https:\/\/www.europesays.com\/se\/wp-json\/wp\/v2\/media\/55887"}],"wp:attachment":[{"href":"https:\/\/www.europesays.com\/se\/wp-json\/wp\/v2\/media?parent=55886"}],"wp:term":[{"taxonomy":"category","embeddable":true,"href":"https:\/\/www.europesays.com\/se\/wp-json\/wp\/v2\/categories?post=55886"},{"taxonomy":"post_tag","embeddable":true,"href":"https:\/\/www.europesays.com\/se\/wp-json\/wp\/v2\/tags?post=55886"}],"curies":[{"name":"wp","href":"https:\/\/api.w.org\/{rel}","templated":true}]}}