{"id":55921,"date":"2025-10-15T05:28:29","date_gmt":"2025-10-15T05:28:29","guid":{"rendered":"https:\/\/www.europesays.com\/se\/55921\/"},"modified":"2025-10-15T05:28:29","modified_gmt":"2025-10-15T05:28:29","slug":"alkoholforbud-stoppar-skyddade-kvinnoboenden","status":"publish","type":"post","link":"https:\/\/www.europesays.com\/se\/55921\/","title":{"rendered":"Alkoholf\u00f6rbud stoppar skyddade kvinnoboenden"},"content":{"rendered":"<p>Inspektionen f\u00f6r v\u00e5rd och omsorg (Ivo) nekar den ideella f\u00f6reningen Talita tillst\u00e5nd att forts\u00e4tta driva tv\u00e5 av sina skyddade boenden f\u00f6r utsatta kvinnor. Sk\u00e4let \u00e4r att boendena har alkoholf\u00f6rbud, vilket IOGT-tidningen Accent var f\u00f6rst att rapportera.<\/p>\n<p>Talita har drivit boenden sedan 2012, men f\u00f6rra \u00e5ret blev det obligatoriskt med Ivo-licens. Ivo anser att alkoholf\u00f6rbudet strider mot kravet \u201cp\u00e5 respekt f\u00f6r enskildas sj\u00e4lvbest\u00e4mmander\u00e4tt och integritet\u201d.<\/p>\n<p>Talitas grundare Anna Sander s\u00e4ger till Aftonbladet att m\u00e5nga av kvinnorna p\u00e5 boendena har en negativ koppling till alkohol, och att flera av dem uppr\u00f6rts av Ivos beslut.<\/p>\n<p>\u2013 De tycker att det \u00e4r vansinne om vi inte skulle ha ett alkoholf\u00f6rbud, och m\u00e5nga av dem skulle inte kunna bo h\u00e4r om man fick dricka alkohol.<\/p>\n<p>Omni \u00e4r politiskt obundna och oberoende. Vi str\u00e4var efter att ge fler perspektiv p\u00e5 nyheterna. Har du fr\u00e5gor eller synpunkter kring v\u00e5r rapportering? <a href=\"https:\/\/omni.se\/alkoholforbud-stoppar-skyddade-kvinnoboenden\/a\/mailto:redaktion@omni.se\" class=\"ArticleActions_contactLink__W2F1M\" rel=\"nofollow noopener\" target=\"_blank\">Kontakta redaktionen<\/a><\/p>\n","protected":false},"excerpt":{"rendered":"Inspektionen f\u00f6r v\u00e5rd och omsorg (Ivo) nekar den ideella f\u00f6reningen Talita tillst\u00e5nd att forts\u00e4tta driva tv\u00e5 av sina&hellip;\n","protected":false},"author":2,"featured_media":55922,"comment_status":"","ping_status":"","sticky":false,"template":"","format":"standard","meta":{"footnotes":""},"categories":[5],"tags":[22,23,26,27,17,21,5377,5054,24,25,28,29,15,16,18,34,31,33,32,30,5376,19,20],"class_list":{"0":"post-55921","1":"post","2":"type-post","3":"status-publish","4":"format-standard","5":"has-post-thumbnail","7":"category-rubriker","8":"tag-breaking-news","9":"tag-breakingnews","10":"tag-featured-news","11":"tag-featurednews","12":"tag-headlines","13":"tag-huvudnyheter","14":"tag-inspektionen-for-vard-och-omsorg","15":"tag-ivo","16":"tag-latest-news","17":"tag-latestnews","18":"tag-main-news","19":"tag-mainnews","20":"tag-news","21":"tag-nyheter","22":"tag-rubriker","23":"tag-se","24":"tag-svenska","25":"tag-sverige","26":"tag-sweden","27":"tag-swedish","28":"tag-talita","29":"tag-top-stories","30":"tag-topstories"},"share_on_mastodon":{"url":"","error":""},"_links":{"self":[{"href":"https:\/\/www.europesays.com\/se\/wp-json\/wp\/v2\/posts\/55921","targetHints":{"allow":["GET"]}}],"collection":[{"href":"https:\/\/www.europesays.com\/se\/wp-json\/wp\/v2\/posts"}],"about":[{"href":"https:\/\/www.europesays.com\/se\/wp-json\/wp\/v2\/types\/post"}],"author":[{"embeddable":true,"href":"https:\/\/www.europesays.com\/se\/wp-json\/wp\/v2\/users\/2"}],"replies":[{"embeddable":true,"href":"https:\/\/www.europesays.com\/se\/wp-json\/wp\/v2\/comments?post=55921"}],"version-history":[{"count":0,"href":"https:\/\/www.europesays.com\/se\/wp-json\/wp\/v2\/posts\/55921\/revisions"}],"wp:featuredmedia":[{"embeddable":true,"href":"https:\/\/www.europesays.com\/se\/wp-json\/wp\/v2\/media\/55922"}],"wp:attachment":[{"href":"https:\/\/www.europesays.com\/se\/wp-json\/wp\/v2\/media?parent=55921"}],"wp:term":[{"taxonomy":"category","embeddable":true,"href":"https:\/\/www.europesays.com\/se\/wp-json\/wp\/v2\/categories?post=55921"},{"taxonomy":"post_tag","embeddable":true,"href":"https:\/\/www.europesays.com\/se\/wp-json\/wp\/v2\/tags?post=55921"}],"curies":[{"name":"wp","href":"https:\/\/api.w.org\/{rel}","templated":true}]}}