{"id":55925,"date":"2025-10-15T05:35:09","date_gmt":"2025-10-15T05:35:09","guid":{"rendered":"https:\/\/www.europesays.com\/se\/55925\/"},"modified":"2025-10-15T05:35:09","modified_gmt":"2025-10-15T05:35:09","slug":"bilist-korde-in-i-trad-inatt","status":"publish","type":"post","link":"https:\/\/www.europesays.com\/se\/55925\/","title":{"rendered":"BILIST K\u00d6RDE IN I TR\u00c4D INATT"},"content":{"rendered":"<p>    <a href=\"https:\/\/www.europesays.com\/se\/wp-content\/uploads\/2025\/10\/desktop_288718622.jpg\">&#13;<br \/>\n        <img decoding=\"async\" src=\"https:\/\/www.europesays.com\/se\/wp-content\/uploads\/2025\/10\/desktop_288718622.jpg\" loading=\"lazy\" alt=\"BILIST K&#xD6;RDE IN I TR&#xC4;D INATT\"\/>&#13;<br \/>\n    <\/a><\/p>\n<p>&#13;<br \/>\n            Polisen misst\u00e4nker inget brott i samband med h\u00e4ndelsen. Genrebild. &#13;<br \/>\n            &#13;<br \/>\n                Foto: MostPhotos&#13;<br \/>\n            &#13;\n        <\/p>\n<p>Bilisten har uppgett att hen v\u00e4jde f\u00f6r en \u00e4lg och polisen misst\u00e4nker inget brott i samband med h\u00e4ndelsen. F\u00f6raren fick lindriga skador. Ambulans var framme p\u00e5 plats och det finns olika besked kring ifall mannen f\u00f6ljde med till sjukhus eller inte. polisen menar att f\u00f6raren gjorde det medan r\u00e4ddningstj\u00e4nsten menar att det var precis tv\u00e4rtom. F\u00f6raren ska dock ha f\u00e5tt lindriga skador, sjukhusbes\u00f6k eller inte.\u00a0<\/p>\n<p>Bom\u00e5la ligger ett par kilometer \u00f6ster om M\u00f6rlunda. Olyckan skedde p\u00e5 en mindre v\u00e4g.<\/p>\n","protected":false},"excerpt":{"rendered":"&#13; &#13; &#13; Polisen misst\u00e4nker inget brott i samband med h\u00e4ndelsen. Genrebild. &#13; &#13; Foto: MostPhotos&#13; &#13; Bilisten&hellip;\n","protected":false},"author":2,"featured_media":55926,"comment_status":"","ping_status":"","sticky":false,"template":"","format":"standard","meta":{"footnotes":""},"categories":[12],"tags":[22,23,26,27,17,21,24,25,28,29,15,16,18,34,31,33,32,30,19,20],"class_list":{"0":"post-55925","1":"post","2":"type-post","3":"status-publish","4":"format-standard","5":"has-post-thumbnail","7":"category-sverige","8":"tag-breaking-news","9":"tag-breakingnews","10":"tag-featured-news","11":"tag-featurednews","12":"tag-headlines","13":"tag-huvudnyheter","14":"tag-latest-news","15":"tag-latestnews","16":"tag-main-news","17":"tag-mainnews","18":"tag-news","19":"tag-nyheter","20":"tag-rubriker","21":"tag-se","22":"tag-svenska","23":"tag-sverige","24":"tag-sweden","25":"tag-swedish","26":"tag-top-stories","27":"tag-topstories"},"share_on_mastodon":{"url":"","error":""},"_links":{"self":[{"href":"https:\/\/www.europesays.com\/se\/wp-json\/wp\/v2\/posts\/55925","targetHints":{"allow":["GET"]}}],"collection":[{"href":"https:\/\/www.europesays.com\/se\/wp-json\/wp\/v2\/posts"}],"about":[{"href":"https:\/\/www.europesays.com\/se\/wp-json\/wp\/v2\/types\/post"}],"author":[{"embeddable":true,"href":"https:\/\/www.europesays.com\/se\/wp-json\/wp\/v2\/users\/2"}],"replies":[{"embeddable":true,"href":"https:\/\/www.europesays.com\/se\/wp-json\/wp\/v2\/comments?post=55925"}],"version-history":[{"count":0,"href":"https:\/\/www.europesays.com\/se\/wp-json\/wp\/v2\/posts\/55925\/revisions"}],"wp:featuredmedia":[{"embeddable":true,"href":"https:\/\/www.europesays.com\/se\/wp-json\/wp\/v2\/media\/55926"}],"wp:attachment":[{"href":"https:\/\/www.europesays.com\/se\/wp-json\/wp\/v2\/media?parent=55925"}],"wp:term":[{"taxonomy":"category","embeddable":true,"href":"https:\/\/www.europesays.com\/se\/wp-json\/wp\/v2\/categories?post=55925"},{"taxonomy":"post_tag","embeddable":true,"href":"https:\/\/www.europesays.com\/se\/wp-json\/wp\/v2\/tags?post=55925"}],"curies":[{"name":"wp","href":"https:\/\/api.w.org\/{rel}","templated":true}]}}