{"id":55954,"date":"2025-10-15T06:09:08","date_gmt":"2025-10-15T06:09:08","guid":{"rendered":"https:\/\/www.europesays.com\/se\/55954\/"},"modified":"2025-10-15T06:09:08","modified_gmt":"2025-10-15T06:09:08","slug":"goteborgare-misstanks-for-guldharva-i-afrika","status":"publish","type":"post","link":"https:\/\/www.europesays.com\/se\/55954\/","title":{"rendered":"G\u00f6teborgare misst\u00e4nks f\u00f6r guldh\u00e4rva i Afrika"},"content":{"rendered":"<p>Fem personer, varav fyra hemmah\u00f6rande i G\u00f6teborg, utreds f\u00f6r misst\u00e4nkt inblandning i en omfattande guldsmugglingsh\u00e4rva mellan Afrika och Dubai, rapporterar P4 G\u00f6teborg.<\/p>\n<p>\u2013 Det r\u00f6r sig om stora belopp, till och med upp p\u00e5 miljardniv\u00e5, s\u00e4ger \u00e5klagaren Daniel Larsson.<\/p>\n<p>Bland de misst\u00e4nkta finns framg\u00e5ngsrika f\u00f6retagare i pensions\u00e5ldern. Tre av dem, som radion pratat med, nekar till brott. En av de misst\u00e4nkta uppger att syftet var att hj\u00e4lpa \u201drika araber\u201d att flytta tillg\u00e5ngar fr\u00e5n Ghana till Dubai \u2013 men resan stoppades innan planet hann lyfta.<\/p>\n<p>Omni \u00e4r politiskt obundna och oberoende. Vi str\u00e4var efter att ge fler perspektiv p\u00e5 nyheterna. Har du fr\u00e5gor eller synpunkter kring v\u00e5r rapportering? <a href=\"https:\/\/omni.se\/goteborgare-misstanks-for-guldharva-i-afrika\/a\/mailto:redaktion@omni.se\" class=\"ArticleActions_contactLink__W2F1M\" rel=\"nofollow noopener\" target=\"_blank\">Kontakta redaktionen<\/a><\/p>\n","protected":false},"excerpt":{"rendered":"Fem personer, varav fyra hemmah\u00f6rande i G\u00f6teborg, utreds f\u00f6r misst\u00e4nkt inblandning i en omfattande guldsmugglingsh\u00e4rva mellan Afrika och&hellip;\n","protected":false},"author":2,"featured_media":55955,"comment_status":"","ping_status":"","sticky":false,"template":"","format":"standard","meta":{"footnotes":""},"categories":[12],"tags":[22,23,128,26,27,17,21,120,24,25,28,29,15,16,18,34,31,33,32,30,19,20],"class_list":{"0":"post-55954","1":"post","2":"type-post","3":"status-publish","4":"format-standard","5":"has-post-thumbnail","7":"category-sverige","8":"tag-breaking-news","9":"tag-breakingnews","10":"tag-brott","11":"tag-featured-news","12":"tag-featurednews","13":"tag-headlines","14":"tag-huvudnyheter","15":"tag-lag-ratt","16":"tag-latest-news","17":"tag-latestnews","18":"tag-main-news","19":"tag-mainnews","20":"tag-news","21":"tag-nyheter","22":"tag-rubriker","23":"tag-se","24":"tag-svenska","25":"tag-sverige","26":"tag-sweden","27":"tag-swedish","28":"tag-top-stories","29":"tag-topstories"},"share_on_mastodon":{"url":"","error":""},"_links":{"self":[{"href":"https:\/\/www.europesays.com\/se\/wp-json\/wp\/v2\/posts\/55954","targetHints":{"allow":["GET"]}}],"collection":[{"href":"https:\/\/www.europesays.com\/se\/wp-json\/wp\/v2\/posts"}],"about":[{"href":"https:\/\/www.europesays.com\/se\/wp-json\/wp\/v2\/types\/post"}],"author":[{"embeddable":true,"href":"https:\/\/www.europesays.com\/se\/wp-json\/wp\/v2\/users\/2"}],"replies":[{"embeddable":true,"href":"https:\/\/www.europesays.com\/se\/wp-json\/wp\/v2\/comments?post=55954"}],"version-history":[{"count":0,"href":"https:\/\/www.europesays.com\/se\/wp-json\/wp\/v2\/posts\/55954\/revisions"}],"wp:featuredmedia":[{"embeddable":true,"href":"https:\/\/www.europesays.com\/se\/wp-json\/wp\/v2\/media\/55955"}],"wp:attachment":[{"href":"https:\/\/www.europesays.com\/se\/wp-json\/wp\/v2\/media?parent=55954"}],"wp:term":[{"taxonomy":"category","embeddable":true,"href":"https:\/\/www.europesays.com\/se\/wp-json\/wp\/v2\/categories?post=55954"},{"taxonomy":"post_tag","embeddable":true,"href":"https:\/\/www.europesays.com\/se\/wp-json\/wp\/v2\/tags?post=55954"}],"curies":[{"name":"wp","href":"https:\/\/api.w.org\/{rel}","templated":true}]}}