{"id":55966,"date":"2025-10-15T06:22:12","date_gmt":"2025-10-15T06:22:12","guid":{"rendered":"https:\/\/www.europesays.com\/se\/55966\/"},"modified":"2025-10-15T06:22:12","modified_gmt":"2025-10-15T06:22:12","slug":"trailer-elizabeth-olsen-imponerar-i-arets-feel-good-komedi","status":"publish","type":"post","link":"https:\/\/www.europesays.com\/se\/55966\/","title":{"rendered":"Trailer: Elizabeth Olsen imponerar i &#8221;\u00e5rets feel-good-komedi&#8221;"},"content":{"rendered":"<p>Letar du efter en riktigt lovande feel-good rulle? D\u00e5 har du nog letat klart, f\u00f6r kommande \u201dEternity\u201d ser ut att passa den beskrivningen som handen i handsken. H\u00e4r f\u00e5r vi f\u00f6lja ber\u00e4ttelsen om Joan, en kvinna som d\u00f6r och f\u00e5r reda p\u00e5 att hon har en vecka p\u00e5 sig att klura ut vem hon ska spendera det eviga efterlivet med. Kandidaterna \u00e4r tv\u00e5: mannen hon gifte sig med, eller den f\u00f6rsta k\u00e4rleken som dog ung och har v\u00e4ntat p\u00e5 henne \u00e4nda sedan dess. <\/p>\n<p><strong>Elizabeth Olsen<\/strong> (\u201dWandaVision\u201d) g\u00f6r huvudrollen som Joan, och spelar mot <strong>Miles Teller<\/strong> (\u201dTop Gun: Maverick\u201d) och <strong>Callum Turner<\/strong> (\u201dMasters of the Air\u201d), som fyller ut k\u00e4rlekstriangeln. Alla tre ser ut att g\u00f6ra inspirerade insatser. <\/p>\n<p>\u201dEternity\u201d har \u00e4nnu ingen bekr\u00e4ftad ordin\u00e4r biopremi\u00e4r h\u00e4r i Sverige, men d\u00e4remot s\u00e5 kommer den visas under Stockholms filmfestival, som beskriver den som \u201d\u00e5rets feel-good-komedi\u201d och \u201dMaterialists m\u00f6ter Eternal Sunshine of the Spotless Mind\u201d. Inga d\u00e5liga vitsord. <\/p>\n<p>Du kan <a href=\"https:\/\/www.stockholmfilmfestival.se\/eternity\" rel=\"nofollow noopener\" target=\"_blank\">se \u201dEternity\u201d under Stockholms filmfestival<\/a>:<\/p>\n<ul class=\"wp-block-list\">\n<li>S\u00f6ndag den 9 november klockan 18:00 p\u00e5 Bio Skandia<\/li>\n<li>L\u00f6rdag den 15 november klockan 11:00 p\u00e5 Capitol.<\/li>\n<\/ul>\n<p>Spana in den nya trailern f\u00f6r \u201dEternity\u201d nedan:<\/p>\n<p><img loading=\"lazy\" decoding=\"async\" alt=\"YouTube video\" width=\"480\" height=\"360\" data-pin-nopin=\"true\" nopin=\"nopin\" class=\"perfmatters-lazy\" src=\"https:\/\/www.europesays.com\/se\/wp-content\/uploads\/2025\/10\/1760509332_140_hqdefault.jpg\"\/><\/p>\n<p>L\u00e4s ocks\u00e5: <a href=\"https:\/\/www.moviezine.se\/nyheter\/taylor-sheridans-forstklassiga-thriller-far-snart-uppfoljare-den-kommer-overraska-er\" title=\"Taylor Sheridans \u201df\u00f6rstklassiga\u201d thriller f\u00e5r snart uppf\u00f6ljare: \u201dDen kommer \u00f6verraska er\u201d\" class=\"underline-custom !font-montserrat !font-bold !underline-offset-4 !decoration-4 !decoration-moviezine-green !text-md\" rel=\"nofollow noopener\" target=\"_blank\">Taylor Sheridans \u201df\u00f6rstklassiga\u201d thriller f\u00e5r snart uppf\u00f6ljare: \u201dDen kommer \u00f6verraska er\u201d<\/a><\/p>\n<p>L\u00e4s ocks\u00e5: <a href=\"https:\/\/www.moviezine.se\/nyheter\/scarlet-witch-stjarnan-oppnar-for-fler-marvel-aventyr-jag-vill-alltid-atervanda\" title=\"Scarlet Witch-stj\u00e4rnan \u00f6ppnar f\u00f6r fler Marvel-\u00e4ventyr: \u201dJag vill alltid \u00e5terv\u00e4nda\u201d\" class=\"underline-custom !font-montserrat !font-bold !underline-offset-4 !decoration-4 !decoration-moviezine-green !text-md\" rel=\"nofollow noopener\" target=\"_blank\">Scarlet Witch-stj\u00e4rnan \u00f6ppnar f\u00f6r fler Marvel-\u00e4ventyr: \u201dJag vill alltid \u00e5terv\u00e4nda\u201d<\/a><\/p>\n","protected":false},"excerpt":{"rendered":"Letar du efter en riktigt lovande feel-good rulle? D\u00e5 har du nog letat klart, f\u00f6r kommande \u201dEternity\u201d ser&hellip;\n","protected":false},"author":2,"featured_media":55967,"comment_status":"","ping_status":"","sticky":false,"template":"","format":"standard","meta":{"footnotes":""},"categories":[66],"tags":[80,78,79,34,2998,31,33,32,30,81,84,2044,83,82],"class_list":{"0":"post-55966","1":"post","2":"type-post","3":"status-publish","4":"format-standard","5":"has-post-thumbnail","7":"category-vetenskap-och-teknik","8":"tag-science","9":"tag-science-and-technology","10":"tag-scienceandtechnology","11":"tag-se","12":"tag-stockholms-filmfestival","13":"tag-svenska","14":"tag-sverige","15":"tag-sweden","16":"tag-swedish","17":"tag-technology","18":"tag-teknik","19":"tag-trailer","20":"tag-vetenskap","21":"tag-vetenskapteknik"},"share_on_mastodon":{"url":"","error":""},"_links":{"self":[{"href":"https:\/\/www.europesays.com\/se\/wp-json\/wp\/v2\/posts\/55966","targetHints":{"allow":["GET"]}}],"collection":[{"href":"https:\/\/www.europesays.com\/se\/wp-json\/wp\/v2\/posts"}],"about":[{"href":"https:\/\/www.europesays.com\/se\/wp-json\/wp\/v2\/types\/post"}],"author":[{"embeddable":true,"href":"https:\/\/www.europesays.com\/se\/wp-json\/wp\/v2\/users\/2"}],"replies":[{"embeddable":true,"href":"https:\/\/www.europesays.com\/se\/wp-json\/wp\/v2\/comments?post=55966"}],"version-history":[{"count":0,"href":"https:\/\/www.europesays.com\/se\/wp-json\/wp\/v2\/posts\/55966\/revisions"}],"wp:featuredmedia":[{"embeddable":true,"href":"https:\/\/www.europesays.com\/se\/wp-json\/wp\/v2\/media\/55967"}],"wp:attachment":[{"href":"https:\/\/www.europesays.com\/se\/wp-json\/wp\/v2\/media?parent=55966"}],"wp:term":[{"taxonomy":"category","embeddable":true,"href":"https:\/\/www.europesays.com\/se\/wp-json\/wp\/v2\/categories?post=55966"},{"taxonomy":"post_tag","embeddable":true,"href":"https:\/\/www.europesays.com\/se\/wp-json\/wp\/v2\/tags?post=55966"}],"curies":[{"name":"wp","href":"https:\/\/api.w.org\/{rel}","templated":true}]}}