{"id":56001,"date":"2025-10-15T07:16:09","date_gmt":"2025-10-15T07:16:09","guid":{"rendered":"https:\/\/www.europesays.com\/se\/56001\/"},"modified":"2025-10-15T07:16:09","modified_gmt":"2025-10-15T07:16:09","slug":"forsta-lakemedelsbehandlingen-mot-somnapne-i-sikte","status":"publish","type":"post","link":"https:\/\/www.europesays.com\/se\/56001\/","title":{"rendered":"F\u00f6rsta l\u00e4kemedelsbehandlingen mot s\u00f6mnapn\u00e9 i sikte"},"content":{"rendered":"<p>Studiens resultat publiceras i The Lancet. Den omfattar 298 patienter med m\u00e5ttlig till sv\u00e5r s\u00f6mnapn\u00e9, d\u00e4r en fj\u00e4rdedel fick placebo och \u00f6vriga deltagare fick l\u00e4kemedlet sulthiam i olika dos. Den kliniska pr\u00f6vningen genomf\u00f6rdes i fyra europeiska l\u00e4nder och var dubbelblind, vilket inneb\u00e4r att varken deltagare eller forskare hade vetskap om vem som fick det verksamma l\u00e4kemedlet.\u00a0<\/p>\n<p>Ett m\u00f6jligt genombrott<\/p>\n<p>Studien visar att de som fick de h\u00f6gre doserna av l\u00e4kemedlet hade upp till 47 procent procent f\u00e4rre andningsuppeh\u00e5ll och b\u00e4ttre syres\u00e4ttning j\u00e4mf\u00f6rt med placebo. Sulthiam stabiliserar kroppens andningsreglering och \u00f6ka andningsdriften, vilket minskar risken f\u00f6r att svalget faller ihop under s\u00f6mnen. De flesta biverkningar var lindriga och \u00f6verg\u00e5ende.<\/p>\n<p>Bild<\/p>\n<p>                  <img decoding=\"async\" loading=\"eager\" width=\"168\" height=\"218\" src=\"https:\/\/www.europesays.com\/se\/wp-content\/uploads\/2025\/10\/Win 4829.jpg\" alt=\"[none]\"\/><\/p>\n<p>Jan Hedner<\/p>\n<p>Foto: Johan Wingborg<\/p>\n<p>Jan Hedner, senior professor i lungmedicin p\u00e5 Sahlgrenska akademin vid G\u00f6teborgs universitet, har haft en ledande roll i arbetet med studien:<\/p>\n<p>\u2013 Vi har l\u00e4nge arbetat l\u00e4nge med den h\u00e4r behandlingsstrategin, och resultaten visar att det g\u00e5r att p\u00e5verka s\u00f6mnapn\u00e9 farmakologiskt. Det k\u00e4nns som ett genombrott, och nu ser vi fram emot st\u00f6rre och l\u00e4ngre studier f\u00f6r att avg\u00f6ra om effekten h\u00e5ller \u00f6ver tid och om behandlingen \u00e4r s\u00e4ker f\u00f6r bredare patientgrupper, s\u00e4ger Jan Hedner.<\/p>\n<p>Fr\u00e5n G\u00f6teborgs universitet har \u00e4ven Ludger Grote och Kaj Stenl\u00f6f gjort viktiga bidrag i arbetet.<\/p>\n<p>M\u00e5nga klarar inte CPAP<\/p>\n<p>S\u00f6mnapn\u00e9 inneb\u00e4r att de \u00f6vre luftv\u00e4garna faller ihop under s\u00f6mn, vilket ger upprepade andningsuppeh\u00e5ll, syrebrist och st\u00f6rd natts\u00f6mn. P\u00e5 l\u00e4ngre sikt har den som lever med obehandlad s\u00f6mnapn\u00e9 \u00f6kad risk f\u00f6r h\u00f6gt blodtryck, hj\u00e4rt\u2013k\u00e4rlsjukdomar, stroke och diabetes typ 2.<\/p>\n<p>Trots att sjukdomen \u00e4r vanlig finns \u00e4nnu inget l\u00e4kemedel som kan behandla orsaken. Standardbehandlingen med andningsmask, CPAP, fungerar mycket bra men \u00e4r sv\u00e5r att anv\u00e4nda f\u00f6r m\u00e5nga. Upp till h\u00e4lften av patienterna avbryter behandlingen inom n\u00e5got \u00e5r eftersom masken kan upplevas obekv\u00e4m eller st\u00f6rande f\u00f6r s\u00f6mnen.<\/p>\n<p>L\u00e4kemedlet sulthiam \u00e4r sedan tidigare godk\u00e4nt mot en form av epilepsi hos barn, och pr\u00f6vas nu allts\u00e5 ocks\u00e5 f\u00f6r s\u00f6mnapn\u00e9.<\/p>\n<p>Artikel: Sultiame once per day in obstructive sleep apnoea (FLOW): a multicentre, randomised, double-blind, placebo-controlled, dose-finding, phase 2 trial. DOI:\u00a0<a href=\"https:\/\/doi.org\/10.1016\/S0140-6736(25)01196-1\" rel=\"nofollow noopener\" target=\"_blank\">https:\/\/doi.org\/10.1016\/S0140-6736(25)01196-1<\/a><\/p>\n","protected":false},"excerpt":{"rendered":"Studiens resultat publiceras i The Lancet. Den omfattar 298 patienter med m\u00e5ttlig till sv\u00e5r s\u00f6mnapn\u00e9, d\u00e4r en fj\u00e4rdedel&hellip;\n","protected":false},"author":2,"featured_media":56002,"comment_status":"","ping_status":"","sticky":false,"template":"","format":"standard","meta":{"footnotes":""},"categories":[69],"tags":[113,112,34,31,33,32,30],"class_list":{"0":"post-56001","1":"post","2":"type-post","3":"status-publish","4":"format-standard","5":"has-post-thumbnail","7":"category-halsa","8":"tag-halsa","9":"tag-health","10":"tag-se","11":"tag-svenska","12":"tag-sverige","13":"tag-sweden","14":"tag-swedish"},"share_on_mastodon":{"url":"","error":""},"_links":{"self":[{"href":"https:\/\/www.europesays.com\/se\/wp-json\/wp\/v2\/posts\/56001","targetHints":{"allow":["GET"]}}],"collection":[{"href":"https:\/\/www.europesays.com\/se\/wp-json\/wp\/v2\/posts"}],"about":[{"href":"https:\/\/www.europesays.com\/se\/wp-json\/wp\/v2\/types\/post"}],"author":[{"embeddable":true,"href":"https:\/\/www.europesays.com\/se\/wp-json\/wp\/v2\/users\/2"}],"replies":[{"embeddable":true,"href":"https:\/\/www.europesays.com\/se\/wp-json\/wp\/v2\/comments?post=56001"}],"version-history":[{"count":0,"href":"https:\/\/www.europesays.com\/se\/wp-json\/wp\/v2\/posts\/56001\/revisions"}],"wp:featuredmedia":[{"embeddable":true,"href":"https:\/\/www.europesays.com\/se\/wp-json\/wp\/v2\/media\/56002"}],"wp:attachment":[{"href":"https:\/\/www.europesays.com\/se\/wp-json\/wp\/v2\/media?parent=56001"}],"wp:term":[{"taxonomy":"category","embeddable":true,"href":"https:\/\/www.europesays.com\/se\/wp-json\/wp\/v2\/categories?post=56001"},{"taxonomy":"post_tag","embeddable":true,"href":"https:\/\/www.europesays.com\/se\/wp-json\/wp\/v2\/tags?post=56001"}],"curies":[{"name":"wp","href":"https:\/\/api.w.org\/{rel}","templated":true}]}}