{"id":56077,"date":"2025-10-15T09:03:17","date_gmt":"2025-10-15T09:03:17","guid":{"rendered":"https:\/\/www.europesays.com\/se\/56077\/"},"modified":"2025-10-15T09:03:17","modified_gmt":"2025-10-15T09:03:17","slug":"maggios-filmdebut-och-nya-the-diplomat-veckans-filmer-och-serier","status":"publish","type":"post","link":"https:\/\/www.europesays.com\/se\/56077\/","title":{"rendered":"Maggios filmdebut och nya \u201dThe diplomat\u201d \u2013 veckans filmer och serier"},"content":{"rendered":"<p>\u201dVita huset\u201d-blinkning i nya s\u00e4songen av Netflix \u201dThe diplomat\u201d<\/p>\n<p class=\"boxtextgrotesk-root_baa6 hyperion-css-7pajle\">Uppdaterad 08.54 | Publicerad 08.02<\/p>\n<p>share-arrowDela<\/p>\n<p>unsaveSpara<\/p>\n<p class=\"hyperion-css-1shl3oz\" data-test-tag=\"lead-text\">Veronica Maggio sk\u00e5disdebuterar i \u201dSju steg\u201d och hyllade SVT-serien \u201dGaslight\u201d f\u00e5r en uppf\u00f6ljare i \u201dTystnaden\u201d.<\/p>\n<p class=\"hyperion-css-1shl3oz\" data-test-tag=\"lead-text\">H\u00e4r \u00e4r veckans filmer och serier.<\/p>\n<p><img decoding=\"async\" src=\"https:\/\/www.europesays.com\/se\/wp-content\/uploads\/2025\/10\/c323be85cf10769fd6ff4449b3dbaff0.jpg\" class=\"thumbnail-image_fbfd\" alt=\"Tv-svepet: Tre serietips i h\u00f6stm\u00f6rkret\"\/><\/p>\n<p>Tv-svepet: Tre serietips i h\u00f6stm\u00f6rkret<\/p>\n<p>4:17<\/p>\n<p>FILMER (biopremi\u00e4r den 17 oktober).<\/p>\n<p class=\"hyperion-css-1v9qo5x\"><strong>\u201dSju steg\u201d.<\/strong><\/p>\n<p class=\"hyperion-css-1v9qo5x\"><a data-test-tag=\"internal-link\" href=\"https:\/\/www.aftonbladet.se\/tagg\/veronica-maggio\" class=\"hyperion-css-15jkft9\" rel=\"nofollow noopener\" target=\"\" theme=\"entertainment\"><strong>Veronica Maggio<\/strong><\/a> filmdebuterar i en romantisk thriller om Josef (<strong>Joel Spira<\/strong>) vars flickv\u00e4n Elle (Maggio) pl\u00f6tsligt bara drar under en resa till Paris. M\u00f6dosamt gr\u00e4ver sig Josef bak\u00e5t i Elles f\u00f6rflutna f\u00f6r att f\u00f6rs\u00f6ka lista ut varf\u00f6r hon l\u00e4mnade honom.<\/p>\n<p>expand-left<\/p>\n<p>helsk\u00e4rm<img decoding=\"async\" class=\"image-asset hyperion-css-u06ts1\" data-test-tag=\"image-asset\" src=\"https:\/\/www.europesays.com\/se\/wp-content\/uploads\/2025\/10\/94f89407-3f68-4e57-865e-5d381e88c154\"  alt=\"Veronica Maggio spelar huvudrollen och har \u00e4ven skrivit manus till &quot;Sju steg&quot; med regiss\u00f6ren Andreas \u00d6hman.\"  loading=\"eager\" fetchpriority=\"high\" style=\"aspect-ratio:1900 \/ 1267\"\/>Veronica Maggio spelar huvudrollen och har \u00e4ven skrivit manus till &#8221;Sju steg&#8221; med regiss\u00f6ren Andreas \u00d6hman. Foto: Andreas \u00d6hman\/Nordisk Film<\/p>\n<p>expand-left<\/p>\n<p>helsk\u00e4rm<img decoding=\"async\" class=\"image-asset hyperion-css-u06ts1\" data-test-tag=\"image-asset\" src=\"https:\/\/www.europesays.com\/se\/wp-content\/uploads\/2025\/10\/20c4458d-eb64-4522-8e3d-ceb3d99a8603\"  alt=\"Julia Roberts och Andrew Garfield i metoodramat &quot;After the hunt&quot;.\"  loading=\"eager\" fetchpriority=\"high\" style=\"aspect-ratio:1900 \/ 1019\"\/>Julia Roberts och Andrew Garfield i metoodramat &#8221;After the hunt&#8221;. Foto: Amazon Mgm Studios<\/p>\n<p class=\"hyperion-css-1v9qo5x\"><strong>\u201dAfter the hunt\u201d.<\/strong><\/p>\n<p class=\"hyperion-css-1v9qo5x\"><a data-test-tag=\"internal-link\" href=\"https:\/\/www.aftonbladet.se\/tagg\/julia-roberts\" class=\"hyperion-css-15jkft9\" rel=\"nofollow noopener\" target=\"\" theme=\"entertainment\"><strong>Julia Roberts<\/strong><\/a><strong> <\/strong>och <strong>Andrew Garfield<\/strong> spelar huvudrollerna i ett metoo-drama i universitetsmilj\u00f6, regisserat av <strong>Luca Guadagnino<\/strong>. Robert spelar en l\u00e4rare vars r\u00e4ttspatos s\u00e4tts p\u00e5 prov n\u00e4r en skandal hotar att brisera p\u00e5 skolan.<\/p>\n<p>expand-left<\/p>\n<p>helsk\u00e4rm<img decoding=\"async\" class=\"image-asset hyperion-css-u06ts1\" data-test-tag=\"image-asset\" src=\"https:\/\/www.europesays.com\/se\/wp-content\/uploads\/2025\/10\/67ae1927-21db-4df3-9b5a-ad880301934e\"  alt=\"Ella \u00d8verbye och Selome Emnetu i &quot;Dr\u00f6mmar&quot; som avslutar Dag Johan Haugerud relationstrilogi.\"  loading=\"eager\" fetchpriority=\"high\" style=\"aspect-ratio:1900 \/ 1338\"\/>Ella \u00d8verbye och Selome Emnetu i &#8221;Dr\u00f6mmar&#8221; som avslutar Dag Johan Haugerud relationstrilogi. Foto: Agnete Brun\/Triart.<\/p>\n<p class=\"hyperion-css-1v9qo5x\"><strong>\u201dDr\u00f6mmar\u201d.<\/strong><\/p>\n<p class=\"hyperion-css-1v9qo5x\">Den norske regiss\u00f6ren <strong>Dag Johan Haugeruds<\/strong> trilogi om relationer g\u00e5r i m\u00e5l med \u201dDr\u00f6mmar\u201d d\u00e4r en 17-\u00e5rig flicka blir k\u00e4r i sin l\u00e4rare och sedan skriver om det, vilket orsakar komplikationer.<\/p>\n<p>expand-left<\/p>\n<p>helsk\u00e4rm<img decoding=\"async\" class=\"image-asset hyperion-css-u06ts1\" data-test-tag=\"image-asset\" src=\"https:\/\/www.europesays.com\/se\/wp-content\/uploads\/2025\/10\/ee6a44a4-4c53-414d-b753-1be5c45e6933\"  alt=\"Finn (Mason Thames) och The Grabber (Ethan Hawke) i skr\u00e4ckfilmen &quot;Black phone 2&quot;.\"  loading=\"eager\" fetchpriority=\"high\" style=\"aspect-ratio:1900 \/ 794\"\/>Finn (Mason Thames) och The Grabber (Ethan Hawke) i skr\u00e4ckfilmen &#8221;Black phone 2&#8221;. Foto: Universal Pictures<\/p>\n<p class=\"hyperion-css-1v9qo5x\"><strong>\u201dBlack phone 2\u201d.<\/strong><\/p>\n<p class=\"hyperion-css-1v9qo5x\">Finn (<strong>Mason Thomas<\/strong>) var den ende som \u00f6verlevde kidnapparen i den f\u00f6rsta skr\u00e4ckfilmen. Men nu b\u00f6rjar telefonen ringa igen, i 15-\u00e5riga Gwens (<strong>Madeleine McGraw<\/strong>) dr\u00f6mmar.<\/p>\n<p>expand-left<\/p>\n<p>helsk\u00e4rm<img decoding=\"async\" class=\"image-asset hyperion-css-u06ts1\" data-test-tag=\"image-asset\" src=\"https:\/\/www.europesays.com\/se\/wp-content\/uploads\/2025\/10\/09f42181-f36e-4da2-8c04-219a95e9eb1f\"  alt=\"Julia Heveus \u00e4r tillbaka i rollen som Nora i &quot;Tystnaden&quot;, uppf\u00f6ljaren till hyllade SVT-serien &quot;Gaslight&quot;.\"  loading=\"eager\" fetchpriority=\"high\" style=\"aspect-ratio:1900 \/ 1069\"\/>Julia Heveus \u00e4r tillbaka i rollen som Nora i &#8221;Tystnaden&#8221;, uppf\u00f6ljaren till hyllade SVT-serien &#8221;Gaslight&#8221;. Foto: SVTTV\/STR\u00d6MMAT<\/p>\n<p class=\"hyperion-css-1v9qo5x\"><strong>\u201dTystnaden\u201d (19\/10, SVT).<\/strong><\/p>\n<p class=\"hyperion-css-1v9qo5x\">Uppf\u00f6ljare till hyllade SVT-serien \u201dGaslight\u201d fr\u00e5n 2023, med huvudpersonen Nora (<strong>Julia Heveus<\/strong>) \u00e5terigen i centrum. Temat \u00e4r m\u00e4ns sv\u00e5righet att prata om psykisk oh\u00e4lsa med varandra. N\u00e4r hennes ex Linus f\u00f6rsvinner f\u00f6rs\u00f6ker Nora nysta upp vad som har h\u00e4nt.<\/p>\n<p>expand-left<\/p>\n<p>helsk\u00e4rm<img decoding=\"async\" class=\"image-asset hyperion-css-u06ts1\" data-test-tag=\"image-asset\" src=\"https:\/\/www.europesays.com\/se\/wp-content\/uploads\/2025\/10\/482076c2-5940-42c4-b2c5-1c9750bf168c\"  alt=\"Ambiti\u00f6sa diplomatparet Kates (Keri Russell) och Hals (Rufus Sewell) relation st\u00e4lls p\u00e5 prov av den nya presidentens beslut i &quot;The diplomat&quot;.\"  loading=\"eager\" fetchpriority=\"high\" style=\"aspect-ratio:1900 \/ 1267\"\/>Ambiti\u00f6sa diplomatparet Kates (Keri Russell) och Hals (Rufus Sewell) relation st\u00e4lls p\u00e5 prov av den nya presidentens beslut i &#8221;The diplomat&#8221;. Foto: Netflix<\/p>\n<p class=\"hyperion-css-1v9qo5x\"><strong>\u201dThe diplomat\u201d (16\/10, <\/strong><a data-test-tag=\"internal-link\" href=\"https:\/\/www.aftonbladet.se\/tagg\/netflix\" class=\"hyperion-css-15jkft9\" rel=\"nofollow noopener\" target=\"\" theme=\"entertainment\"><strong>Netflix<\/strong><\/a><strong>).<\/strong><\/p>\n<p class=\"hyperion-css-1v9qo5x\">I andra s\u00e4songens sista scen kollapsade presidenten. Nu \u00e4r han d\u00f6d och vicepresident Penn (<strong>Allison Janney<\/strong>) tar \u00f6ver. Londonambassad\u00f6ren Kate (<strong>Keri Russell<\/strong>) och hennes man Hal (<strong>Rufus Sewell<\/strong>) k\u00e4nner till hennes m\u00f6rka hemlighet och deras liv blir omkullkastat p\u00e5 grund av ett av den nya presidentens f\u00f6rsta beslut i sin nya roll.<\/p>\n<p class=\"hyperion-css-1v9qo5x\">Som en blinkning till alla fans av politiska dramaserier spelas presidentens man av <strong>Bradley Whitford<\/strong>, <strong>Allison \u201dCJ\u201d Janneys<\/strong> motspelare \u2013 Josh Lyman \u2013 i den klassiska serien \u201dVita huset\u201d.<\/p>\n<p class=\"hyperion-css-1v9qo5x\"><strong>\u201dDevil in disguise: John Wayne Gacy\u201d (18\/10, SkyShowtime).<\/strong><\/p>\n<p class=\"hyperion-css-1v9qo5x\">Seriem\u00f6rdaren <strong>John Wayne Gacy<\/strong> d\u00f6dade \u00f6ver 30 personer p\u00e5 1970-talet i USA. Den h\u00e4r miniserien ska inte glorifiera g\u00e4rningsmannen utan fokuserar p\u00e5 offren och deras anh\u00f6riga. <strong>Michael Chernus<\/strong> g\u00f6r huvudrollen.<\/p>\n<p class=\"hyperion-css-1v9qo5x\"><strong>\u201dLazarus\u201d (22\/10, Prime Video).<\/strong><\/p>\n<p class=\"hyperion-css-1v9qo5x\"><strong>Harlan Coben<\/strong> \u00e4r kungen av kriminalserier just nu \u2013 elva stycken finns, bara p\u00e5 Netflix. I den h\u00e4r Coben-serien f\u00f6rs\u00f6ker Joel (<strong>Sam Claflin<\/strong>) utreda om hans fars (<strong>Billy Nighy<\/strong>) sj\u00e4lvmord \u00e4r kopplat till systerns d\u00f6d 25 \u00e5r tidigare. Det leder i sin tur till flera andra kalla fall.<\/p>\n<p><img decoding=\"async\" src=\"https:\/\/www.europesays.com\/se\/wp-content\/uploads\/2025\/08\/9add73646127c36e48c4a927b199b7c2.jpg\" class=\"thumbnail-image_fbfd\" alt=\"57. Vett, etikett och Isabella L\u00f6wengrip\"\/><\/p>\n<p>57. Vett, etikett och Isabella L\u00f6wengrip<\/p>\n<p>46:51<\/p>\n","protected":false},"excerpt":{"rendered":"\u201dVita huset\u201d-blinkning i nya s\u00e4songen av Netflix \u201dThe diplomat\u201d Uppdaterad 08.54 | Publicerad 08.02 share-arrowDela unsaveSpara Veronica Maggio&hellip;\n","protected":false},"author":2,"featured_media":56078,"comment_status":"","ping_status":"","sticky":false,"template":"","format":"standard","meta":{"footnotes":""},"categories":[67],"tags":[104,34,31,33,32,30,105],"class_list":{"0":"post-56077","1":"post","2":"type-post","3":"status-publish","4":"format-standard","5":"has-post-thumbnail","7":"category-underhallning","8":"tag-entertainment","9":"tag-se","10":"tag-svenska","11":"tag-sverige","12":"tag-sweden","13":"tag-swedish","14":"tag-underhallning"},"share_on_mastodon":{"url":"","error":""},"_links":{"self":[{"href":"https:\/\/www.europesays.com\/se\/wp-json\/wp\/v2\/posts\/56077","targetHints":{"allow":["GET"]}}],"collection":[{"href":"https:\/\/www.europesays.com\/se\/wp-json\/wp\/v2\/posts"}],"about":[{"href":"https:\/\/www.europesays.com\/se\/wp-json\/wp\/v2\/types\/post"}],"author":[{"embeddable":true,"href":"https:\/\/www.europesays.com\/se\/wp-json\/wp\/v2\/users\/2"}],"replies":[{"embeddable":true,"href":"https:\/\/www.europesays.com\/se\/wp-json\/wp\/v2\/comments?post=56077"}],"version-history":[{"count":0,"href":"https:\/\/www.europesays.com\/se\/wp-json\/wp\/v2\/posts\/56077\/revisions"}],"wp:featuredmedia":[{"embeddable":true,"href":"https:\/\/www.europesays.com\/se\/wp-json\/wp\/v2\/media\/56078"}],"wp:attachment":[{"href":"https:\/\/www.europesays.com\/se\/wp-json\/wp\/v2\/media?parent=56077"}],"wp:term":[{"taxonomy":"category","embeddable":true,"href":"https:\/\/www.europesays.com\/se\/wp-json\/wp\/v2\/categories?post=56077"},{"taxonomy":"post_tag","embeddable":true,"href":"https:\/\/www.europesays.com\/se\/wp-json\/wp\/v2\/tags?post=56077"}],"curies":[{"name":"wp","href":"https:\/\/api.w.org\/{rel}","templated":true}]}}