{"id":56081,"date":"2025-10-15T09:10:09","date_gmt":"2025-10-15T09:10:09","guid":{"rendered":"https:\/\/www.europesays.com\/se\/56081\/"},"modified":"2025-10-15T09:10:09","modified_gmt":"2025-10-15T09:10:09","slug":"gladjebeskedet-inte-alltfor-langt-borta","status":"publish","type":"post","link":"https:\/\/www.europesays.com\/se\/56081\/","title":{"rendered":"Gl\u00e4djebeskedet: &#8221;Inte alltf\u00f6r l\u00e5ngt borta&#8221;"},"content":{"rendered":"<p><strong><a href=\"https:\/\/hockeysverige.se\/klubb\/leksands-if\/\" rel=\"nofollow noopener\" target=\"_blank\">Leksand<\/a> har redan f\u00e5tt tillbaka <a href=\"https:\/\/hockeysverige.se\/spelare\/anton-johansson\/\" rel=\"nofollow noopener\" target=\"_blank\">Anton Johansson<\/a> och <a href=\"https:\/\/hockeysverige.se\/spelare\/peter-cehlarik\/\" rel=\"nofollow noopener\" target=\"_blank\">Peter Cehlarik<\/a>. Nu \u00e4r \u00e4ven <a href=\"https:\/\/hockeysverige.se\/spelare\/max-veronneau\/\" rel=\"nofollow noopener\" target=\"_blank\">Max Veronneau<\/a> p\u00e5 v\u00e4g mot en comeback f\u00f6r dalalaget.<\/strong><br \/><strong>\u2013\u00a0Snart ska han tillbaka p\u00e5 \u00e5terkoll och ta bort de skydd han b\u00e4r, s\u00e4ger Johan Hedberg till <a href=\"https:\/\/www.falukuriren.se\/2025-10-15\/hoppgivande-orden-om-skadade-stjarnan-pa-vag-in-i-traning\/\" rel=\"nofollow noopener\" target=\"_blank\">Falu-Kuriren.<\/a><\/strong><\/p>\n<p><img loading=\"lazy\" decoding=\"async\" width=\"1024\" height=\"658\" src=\"https:\/\/www.europesays.com\/se\/wp-content\/uploads\/2025\/10\/Veronneau.webp.webp\" alt=\"\" class=\"wp-image-313909\"  \/>Max Veronneau g\u00e5r mot comeback f\u00f6r Leksand.<br \/><strong>Foto:<\/strong> Daniel Eriksson \/ Bildbyr\u00e5n.<\/p>\n<p>Max Veronneau hann bara spela tre matcher innan oturen var framme. Kanadensaren \u00e5kte p\u00e5 en skada som har h\u00e5llit honom fr\u00e5n spel sedan den 18 september, allts\u00e5 n\u00e4stan en m\u00e5nad. Det var sagt runt fyra veckor n\u00e4r skadan intr\u00e4ffade. N\u00e5got vi nu b\u00f6rjar n\u00e4rma oss.<\/p>\n<p>Och d\u00e5 ser det ocks\u00e5 ut som att Leksand kan f\u00e5 tillbaka sin nyckelspelare inom kort.<\/p>\n<p>\u2013 Han \u00e4r s\u00e4kerligen p\u00e5 v\u00e4g in i tr\u00e4ning vad jag f\u00f6rst\u00e5r. Snart ska han tillbaka p\u00e5 \u00e5terkoll och ta bort de skydd han b\u00e4r. Jag tror inte att det \u00e4r alltf\u00f6r l\u00e5ngt bort nu, s\u00e4ger Johan Hedberg till FK-sporten.<\/p>\n<p>I premi\u00e4ren gjorde Max Veronneau 1+1 men sedan gick han po\u00e4ngl\u00f6s i tv\u00e5 matcher innan skadan intr\u00e4ffade. F\u00f6r Leksand vore det sj\u00e4lvfallet viktigt att f\u00e5 tillbaka forwarden, som ska vara en ledande spelare i laget. Till torsdagens match mot Bryn\u00e4s ser det ut som att dalalaget f\u00e5r tillbaka Anton Johansson och Peter Cehlarik. Nu kan det allts\u00e5 snart vara ytterligare ett namn som snart \u00e4r tillbaka i spel.<\/p>\n<p>\u00c4ven Arvid Eljas \u00e4r p\u00e5 skadelistan just nu.<\/p>\n<p> Source: <a href=\"https:\/\/www.eliteprospects.com\/player\/206777\/max-veronneau\" target=\"_blank\" rel=\"noopener noreferrer nofollow\">Max V\u00e9ronneau<\/a> @ Elite Prospects<\/p>\n","protected":false},"excerpt":{"rendered":"Leksand har redan f\u00e5tt tillbaka Anton Johansson och Peter Cehlarik. Nu \u00e4r \u00e4ven Max Veronneau p\u00e5 v\u00e4g mot&hellip;\n","protected":false},"author":2,"featured_media":56082,"comment_status":"","ping_status":"","sticky":false,"template":"","format":"standard","meta":{"footnotes":""},"categories":[68],"tags":[34,133,134,111,110,31,33,32,30],"class_list":{"0":"post-56081","1":"post","2":"type-post","3":"status-publish","4":"format-standard","5":"has-post-thumbnail","7":"category-sport","8":"tag-se","9":"tag-second-news","10":"tag-shl","11":"tag-sport","12":"tag-sports","13":"tag-svenska","14":"tag-sverige","15":"tag-sweden","16":"tag-swedish"},"share_on_mastodon":{"url":"","error":""},"_links":{"self":[{"href":"https:\/\/www.europesays.com\/se\/wp-json\/wp\/v2\/posts\/56081","targetHints":{"allow":["GET"]}}],"collection":[{"href":"https:\/\/www.europesays.com\/se\/wp-json\/wp\/v2\/posts"}],"about":[{"href":"https:\/\/www.europesays.com\/se\/wp-json\/wp\/v2\/types\/post"}],"author":[{"embeddable":true,"href":"https:\/\/www.europesays.com\/se\/wp-json\/wp\/v2\/users\/2"}],"replies":[{"embeddable":true,"href":"https:\/\/www.europesays.com\/se\/wp-json\/wp\/v2\/comments?post=56081"}],"version-history":[{"count":0,"href":"https:\/\/www.europesays.com\/se\/wp-json\/wp\/v2\/posts\/56081\/revisions"}],"wp:featuredmedia":[{"embeddable":true,"href":"https:\/\/www.europesays.com\/se\/wp-json\/wp\/v2\/media\/56082"}],"wp:attachment":[{"href":"https:\/\/www.europesays.com\/se\/wp-json\/wp\/v2\/media?parent=56081"}],"wp:term":[{"taxonomy":"category","embeddable":true,"href":"https:\/\/www.europesays.com\/se\/wp-json\/wp\/v2\/categories?post=56081"},{"taxonomy":"post_tag","embeddable":true,"href":"https:\/\/www.europesays.com\/se\/wp-json\/wp\/v2\/tags?post=56081"}],"curies":[{"name":"wp","href":"https:\/\/api.w.org\/{rel}","templated":true}]}}