{"id":56143,"date":"2025-10-15T10:23:11","date_gmt":"2025-10-15T10:23:11","guid":{"rendered":"https:\/\/www.europesays.com\/se\/56143\/"},"modified":"2025-10-15T10:23:11","modified_gmt":"2025-10-15T10:23:11","slug":"diabetes-typ-1-okade-bland-unga-under-pandemin","status":"publish","type":"post","link":"https:\/\/www.europesays.com\/se\/56143\/","title":{"rendered":"Diabetes typ-1 \u00f6kade bland unga under pandemin"},"content":{"rendered":"<p>Under pandemin \u00f6kade antalet fall av typ 1-diabetes i Sverige \u2013 framf\u00f6r allt hos barn under fem \u00e5r och unga vuxna m\u00e4n. Trots \u00f6kningen g\u00e5r det inte att s\u00e4ga att covid-19 orsakar diabetes, men infektionen kan ha p\u00e5skyndat insjuknandet hos vissa.<\/p>\n<p>Svenska forskare har f\u00f6ljt f\u00f6rekomsten av typ 1-diabetes hos personer under 30 \u00e5r under en 17-\u00e5rsperiod. Detta f\u00f6r att unders\u00f6ka om en covid-19-infektion \u00f6kar risken att utveckla sjukdomen. I studien ingick 720\u202f000 personer som testat positivt f\u00f6r covid. De j\u00e4mf\u00f6rdes sedan med en <a class=\"glossaryLink\" aria-describedby=\"tt\" data-cmtooltip=\"&lt;div class=glossaryItemBody&gt; Grupp som forskarna j\u00e4mf\u00f6r med \u2013 f\u00e5r inte den behandling eller metod som testas.&lt;br\/&gt;F\u00f6r att kunna se om n\u00e5got faktiskt g\u00f6r  ...&lt;\/div&gt;&lt;div class=glossaryTooltipMoreLinkWrapper&gt;&lt;a class=glossaryTooltipMoreLink href=https:\/\/www.forskning.se\/ordlista\/kontrollgrupp\/ &gt;L\u00e4s mer&lt;\/a&gt;&lt;\/div&gt;\" href=\"https:\/\/www.forskning.se\/ordlista\/kontrollgrupp\/\" data-mobile-support=\"0\" data-gt-translate-attributes=\"[{\" attribute=\"\" tabindex=\"0\" role=\"link\" rel=\"nofollow noopener\" target=\"_blank\">kontrollgrupp<\/a> p\u00e5 3,5 miljoner personer.<\/p>\n<p>\u2013 Genom Sveriges h\u00e4lso- och befolkningsregister har vi kunnat f\u00f6lja m\u00e4nniskor fr\u00e5n 2007 till 2023 och kan se att fler individer utvecklade typ 1-diabetes under pandemin \u00e4n tidigare. Framf\u00f6r allt hos barn under fem \u00e5r samt unga vuxna m\u00e4n, s\u00e4ger Dominik Dietler, forskare vid Lunds universitet, i ett pressmeddelande.<\/p>\n<p>Infektioner kan utl\u00f6sa sjukdomen<\/p>\n<p>Studien visar att antalet nya fall av typ 1-diabetes \u00f6kade med 12 procent under 2021 och med 9 procent under 2022, j\u00e4mf\u00f6rt med tidigare \u00e5r. \u00c5r 2023 l\u00e5g siffrorna \u00e5ter p\u00e5 en normal niv\u00e5.<\/p>\n<p>Trots \u00f6kningen kunde forskarna inte se n\u00e5got tydligt <a class=\"glossaryLink\" aria-describedby=\"tt\" data-cmtooltip=\"&lt;div class=glossaryItemBody&gt; Tv\u00e5 saker verkar h\u00e4nga ihop \u2013 n\u00e4r den ena \u00e4ndras, \u00e4ndras ofta den andra ocks\u00e5. Men det betyder inte att den ena orsakar den  ...&lt;\/div&gt;&lt;div class=glossaryTooltipMoreLinkWrapper&gt;&lt;a class=glossaryTooltipMoreLink href=https:\/\/www.forskning.se\/ordlista\/korrelation\/ &gt;L\u00e4s mer&lt;\/a&gt;&lt;\/div&gt;\" href=\"https:\/\/www.forskning.se\/ordlista\/korrelation\/\" data-mobile-support=\"0\" data-gt-translate-attributes=\"[{\" attribute=\"\" tabindex=\"0\" role=\"link\" rel=\"nofollow noopener\" target=\"_blank\">samband<\/a> mellan covid-19 och typ 1-diabetes, med ett undantag: barn i \u00e5ldern fem till nio \u00e5r. De hade en \u00f6kad risk att insjukna i typ 1-diabetes cirka en m\u00e5nad efter en covidinfektion \u2013\u00e4ven om deras totala risk inte \u00f6kade.<\/p>\n<p>\u2013 Oberoende av tidigare infektioner, debuterar ofta diabetes typ-1 i den h\u00e4r \u00e5ldern. Infektioner verkar inte orsaka typ 1-diabetes i sig, men kan p\u00e5skynda eller utl\u00f6sa insjuknandet hos personer som redan \u00e4r p\u00e5 v\u00e4g att utveckla sjukdomen, s\u00e4ger Dominik Dietler.<\/p>\n<p>Vaccin ligger inte bakom<\/p>\n<p>Han menar att fler studier beh\u00f6vs f\u00f6r att f\u00f6rst\u00e5 vad som ligger bakom \u00f6kningen under pandemin, eftersom andra faktorer \u2013 som f\u00f6r\u00e4ndrad livsstil \u2013 kan ha p\u00e5verkat insjuknandet. <\/p>\n<p>I andra studier har man till exempel sett en \u00f6kning av BMI, kroppsmasseindex, hos barn och minskad fysisk aktivitet bland ton\u00e5ringar. \u00c4ven f\u00f6r\u00e4ndrade matvanor och \u00f6kad stress under pandemin kan vara bidragande faktorer som triggar utveckling av diabetes.<\/p>\n<p>\u2013 Helt klart \u00e4r i alla fall att man kan utesluta att \u00f6kningen av diabetesfall beror p\u00e5 covid-19-vaccinet. \u00c5ldersgruppen d\u00e4r vi s\u00e5g den starkaste \u00f6kningen, rekommenderas inte att vaccinera sig. Dessutom har andra studier p\u00e5 vuxna visat att vaccination minskar risken att utveckla typ 1-diabetes efter en covidinfektion, s\u00e4ger Dominik Dietler.<\/p>\n<p>Liknande \u00f6kning i andra l\u00e4nder<\/p>\n<p>\u00c4ven i andra l\u00e4nder \u2013 som Danmark och USA \u2013 har man sett en liknande \u00f6kning av diabetesfall. Men resultaten \u00e4r \u00e4nd\u00e5 n\u00e5got f\u00f6rv\u00e5nande, enligt Dominik Dietler, eftersom Sverige hade relativt milda restriktioner j\u00e4mf\u00f6rt med m\u00e5nga andra l\u00e4nder. Vid en framtida h\u00e4lsokris kan det d\u00e4rf\u00f6r bli n\u00f6dv\u00e4ndigt med ytterligare insatser f\u00f6r att st\u00f6dja en h\u00e4lsosam livsstil.<\/p>\n<p>\u2013 I en uppf\u00f6ljande studie tittar vi nu n\u00e4rmare p\u00e5 andra faktorer som kan p\u00e5verka risken att utveckla typ 1-diabetes under en folkh\u00e4lsokris. Det handlar bland annat om hur l\u00e4tt eller sv\u00e5rt det \u00e4r att leva h\u00e4lsosamt, ekonomiska f\u00f6ruts\u00e4ttningar, bostadssituation, tillg\u00e5ng till gr\u00f6nomr\u00e5den och m\u00f6jligheten att arbeta hemifr\u00e5n, s\u00e4ger Dominik Dietler.<\/p>\n<p>Vetenskaplig artikel:<\/p>\n<p><a href=\"https:\/\/doi.org\/10.1007\/s00125-025-06540-1\" rel=\"nofollow noopener\" target=\"_blank\">Trends in type 1 diabetes incidence between 2007 and 2023 and their association with SARS-CoV-2 infection in a population-based matched cohort study among individuals under 30 years old in Sweden<\/a>, Diabetologia.<\/p>\n","protected":false},"excerpt":{"rendered":"Under pandemin \u00f6kade antalet fall av typ 1-diabetes i Sverige \u2013 framf\u00f6r allt hos barn under fem \u00e5r&hellip;\n","protected":false},"author":2,"featured_media":56144,"comment_status":"","ping_status":"","sticky":false,"template":"","format":"standard","meta":{"footnotes":""},"categories":[69],"tags":[113,112,505,34,31,33,32,30],"class_list":{"0":"post-56143","1":"post","2":"type-post","3":"status-publish","4":"format-standard","5":"has-post-thumbnail","7":"category-halsa","8":"tag-halsa","9":"tag-health","10":"tag-nyhet","11":"tag-se","12":"tag-svenska","13":"tag-sverige","14":"tag-sweden","15":"tag-swedish"},"share_on_mastodon":{"url":"","error":""},"_links":{"self":[{"href":"https:\/\/www.europesays.com\/se\/wp-json\/wp\/v2\/posts\/56143","targetHints":{"allow":["GET"]}}],"collection":[{"href":"https:\/\/www.europesays.com\/se\/wp-json\/wp\/v2\/posts"}],"about":[{"href":"https:\/\/www.europesays.com\/se\/wp-json\/wp\/v2\/types\/post"}],"author":[{"embeddable":true,"href":"https:\/\/www.europesays.com\/se\/wp-json\/wp\/v2\/users\/2"}],"replies":[{"embeddable":true,"href":"https:\/\/www.europesays.com\/se\/wp-json\/wp\/v2\/comments?post=56143"}],"version-history":[{"count":0,"href":"https:\/\/www.europesays.com\/se\/wp-json\/wp\/v2\/posts\/56143\/revisions"}],"wp:featuredmedia":[{"embeddable":true,"href":"https:\/\/www.europesays.com\/se\/wp-json\/wp\/v2\/media\/56144"}],"wp:attachment":[{"href":"https:\/\/www.europesays.com\/se\/wp-json\/wp\/v2\/media?parent=56143"}],"wp:term":[{"taxonomy":"category","embeddable":true,"href":"https:\/\/www.europesays.com\/se\/wp-json\/wp\/v2\/categories?post=56143"},{"taxonomy":"post_tag","embeddable":true,"href":"https:\/\/www.europesays.com\/se\/wp-json\/wp\/v2\/tags?post=56143"}],"curies":[{"name":"wp","href":"https:\/\/api.w.org\/{rel}","templated":true}]}}