{"id":56203,"date":"2025-10-15T11:46:07","date_gmt":"2025-10-15T11:46:07","guid":{"rendered":"https:\/\/www.europesays.com\/se\/56203\/"},"modified":"2025-10-15T11:46:07","modified_gmt":"2025-10-15T11:46:07","slug":"microsoft-tvingar-400-miljoner-datorer-till-skrotning","status":"publish","type":"post","link":"https:\/\/www.europesays.com\/se\/56203\/","title":{"rendered":"Microsoft tvingar 400 miljoner datorer till skrotning"},"content":{"rendered":"<p class=\"css-176tai e1bngt7x2\">I g\u00e5r, den 14 oktober 2025, upph\u00f6rde st\u00f6det f\u00f6r Windows 10 \u2013 samma dag som Internationella e-avfallsdagen. Miljontals datorer v\u00e4ntas bli elektronikavfall i on\u00f6dan eftersom Microsoft tvingar sina kunder att skaffa nya datorer om de vill forts\u00e4tta anv\u00e4nda Windows. <\/p>\n<p class=\"css-176tai e1bngt7x2\">N\u00e4r st\u00f6det f\u00f6r Windows 10 upph\u00f6r f\u00f6rsvinner s\u00e4kerhetsuppdateringar som g\u00f6r Windows relativt tryggt att anv\u00e4nda. M\u00e5nga datorer kan inte uppgraderas till Windows 11, ofta p\u00e5 grund av on\u00f6digt h\u00f6ga h\u00e5rdvarukrav. <\/p>\n<p class=\"css-176tai e1bngt7x2\"><strong><a rel=\"noopener noreferrer nofollow\" target=\"_blank\" href=\"https:\/\/repair.eu\/\">Right to Repair Europe<\/a><\/strong> varnar f\u00f6r hur beroendet av enstaka leverant\u00f6rer begr\u00e4nsar valfriheten och driver p\u00e5 en slit-och-sl\u00e4ng-kultur. N\u00e4r \u00e4ldre system inte l\u00e4ngre st\u00f6ds blir fullt fungerande datorer os\u00e4kra att anv\u00e4nda om de inte f\u00e5r nya operativsystem, vilket tvingar fram on\u00f6diga k\u00f6p och som \u00f6kar elektronikavfallet. Tillverkningen av datorer kr\u00e4ver stora m\u00e4ngder energi och r\u00e5material, vilket f\u00f6rv\u00e4rrar klimatp\u00e5verkan.<\/p>\n<blockquote class=\"css-1nvbz1h e13zoleo0\"><p>\u201dResultatet blir att 400 miljoner fungerande datorer riskerar att kasseras \u2013 n\u00e5got som skapar mer \u00e4n 700 miljoner kg elektronikavfall och stora koldioxidutsl\u00e4pp.\u201d<\/p><\/blockquote>\n<p class=\"css-176tai e1bngt7x2\">H\u00e4r blir<strong> <\/strong><strong><a rel=\"noopener noreferrer nofollow\" target=\"_blank\" href=\"https:\/\/fsfe.org\/activities\/deviceneutrality\/index\">Device Neutrality<\/a><\/strong><strong> <\/strong>en del av l\u00f6sningen. Begreppet, som drivs av<strong> <\/strong><strong><a rel=\"noopener noreferrer nofollow\" target=\"_blank\" href=\"https:\/\/fsfe.org\/\">Free Software Foundation Europe (FSFE)<\/a><\/strong><strong>,<\/strong> handlar om att kunna installera och k\u00f6ra \u00f6ppna programvaror p\u00e5 ens enheter utan att hindras av tillverkare. Det st\u00e4rker digital frihet och h\u00e5llbarhet genom att motverka teknikens inl\u00e5sningseffekter. R\u00e4tten att reparera, uppgradera och \u00e5teranv\u00e4nda teknik i kombination med \u201ddevice neutrality \u00e4r central f\u00f6r cirkul\u00e4r och r\u00e4ttvis digital ekonomi.<\/p>\n<p class=\"css-176tai e1bngt7x2\">Lyckligtvis finns alternativ till att skrota datorer.<\/p>\n<p class=\"css-176tai e1bngt7x2\">F\u00f6reningen Sambruks tj\u00e4nst <strong><a rel=\"noopener noreferrer nofollow\" target=\"_blank\" href=\"https:\/\/sambruk.se\/medborgarpc\/\">Medborgar-PC<\/a><\/strong> erbjuder en l\u00f6sning f\u00f6r offentlig sektor genom att omvandla \u00e4ldre datorer till s\u00e4kra, moderna datorer f\u00f6r bibliotek, skolor och andra verksamheter. Medborgar-PC bygger p\u00e5 <strong><a rel=\"noopener noreferrer nofollow\" target=\"_blank\" href=\"https:\/\/sv.wikipedia.org\/wiki\/%C3%96ppen_k%C3%A4llkod\">\u00f6ppen k\u00e4llkod<\/a><\/strong>, vilket eliminerar dyra licenser, m\u00f6jligg\u00f6r central administration och energioptimering. P\u00e5 konceptniv\u00e5 utvecklas <strong><a rel=\"noopener noreferrer nofollow\" target=\"_blank\" href=\"https:\/\/eu-os.eu\/\">EU OS<\/a><\/strong>, ett Linux-alternativ, som ett bevis f\u00f6r offentlig sektor. F\u00f6retag, myndigheter och f\u00f6reningar kan v\u00e4nda sig till l\u00f6sningar som <strong><a rel=\"noopener noreferrer nofollow\" target=\"_blank\" href=\"https:\/\/ubuntu.com\/pro\">Ubuntu Pro<\/a><\/strong>. Privatpersoner har tillg\u00e5ng till anv\u00e4ndarv\u00e4nliga datortillverkare som <strong><a rel=\"noopener noreferrer nofollow\" target=\"_blank\" href=\"https:\/\/www.tuxedocomputers.com\/en\">Tuxedo<\/a><\/strong> och <strong><a rel=\"noopener noreferrer nofollow\" target=\"_blank\" href=\"https:\/\/frame.work\/se\/en\">Framework<\/a><\/strong> samt operativsystem som <strong><a rel=\"noopener noreferrer nofollow\" target=\"_blank\" href=\"https:\/\/www.linuxmint.com\/\">Linux Mint<\/a><\/strong>, <strong><a rel=\"noopener noreferrer nofollow\" target=\"_blank\" href=\"https:\/\/ubuntu.com\/desktop\">Ubuntu<\/a><\/strong> och <strong><a rel=\"noopener noreferrer nofollow\" target=\"_blank\" href=\"https:\/\/fedoraproject.org\/\">Fedora<\/a><\/strong>.<\/p>\n<p class=\"css-176tai e1bngt7x2\">F\u00f6reningarna<a rel=\"noopener noreferrer nofollow\" target=\"_blank\" href=\"https:\/\/okfn.se\/\"> <strong>Open Knowledge Sweden<\/strong><\/a> och<a rel=\"noopener noreferrer nofollow\" target=\"_blank\" href=\"https:\/\/konstellationen.org\/\"> <strong>Kamratdataf\u00f6reningen Konstellationen<\/strong><\/a> vill underl\u00e4tta \u00f6verg\u00e5ngen till h\u00e5llbara system.<\/p>\n<p class=\"css-176tai e1bngt7x2\">Kunskapen om alternativen \u00e4r fortfarande l\u00e5g men varje steg g\u00f6r skillnad och sparar pengar och milj\u00f6 samt \u00f6kar s\u00e4kerheten och kompetensen.<\/p>\n<blockquote class=\"css-1nvbz1h e13zoleo0\"><p>\u201dLyckligtvis finns alternativ till att skrota datorer.\u201d<\/p><\/blockquote>\n<ul>\n<li><strong>Privatpersoner<\/strong> kan testa fria operativsystem f\u00f6r att ge gamla datorer nytt liv. Det h\u00e4r kan g\u00f6ra stor skillnad f\u00f6r pl\u00e5nboken och socialt utsatta i samh\u00e4llet.<\/li>\n<li><strong>F\u00f6retag och organisationer<\/strong> kan inventera utrustning, planera \u00e5terbruk och pr\u00f6va \u00f6ppna programvaror innan ink\u00f6p.<\/li>\n<li><strong>Offentlig sektor<\/strong> kan dela erfarenheter och samarbeta f\u00f6r att minska kostnader och milj\u00f6p\u00e5verkan.<\/li>\n<\/ul>\n<p class=\"css-176tai e1bngt7x2\">Tillsammans kan vi f\u00f6rl\u00e4nga teknikens livsl\u00e4ngd, minska avfall och spara resurser utan att kompromissa.<\/p>\n<p class=\"css-176tai e1bngt7x2\">Att kasta fungerande datorer \u00e4r sl\u00f6seri med pengar, resurser och kunskap. Genom \u00f6ppna operativsystem och h\u00e5rdvara vi redan har kan vi bygga infrastruktur som \u00e4r b\u00e5de h\u00e5llbar och sj\u00e4lvst\u00e4ndig.<\/p>\n<p class=\"css-176tai e1bngt7x2\">Det beh\u00f6vs fler som v\u00e5gar prova, dela erfarenheter och visa v\u00e4gen. L\u00e5t inte v\u00e4l fungerande teknik bli avfall. L\u00e5t den bli en del av l\u00f6sningen.<\/p>\n<p class=\"css-176tai e1bngt7x2\"><strong>Mattias Axell<\/strong><br \/>Ordf\u00f6rande f\u00f6r Open Knowledge Sweden<\/p>\n<p class=\"css-176tai e1bngt7x2\"><strong>Samuel Sk\u00e5nberg<\/strong><br \/>Ordf\u00f6rande f\u00f6r Kamratdataf\u00f6reningen Konstellationen<\/p>\n","protected":false},"excerpt":{"rendered":"I g\u00e5r, den 14 oktober 2025, upph\u00f6rde st\u00f6det f\u00f6r Windows 10 \u2013 samma dag som Internationella e-avfallsdagen. Miljontals&hellip;\n","protected":false},"author":2,"featured_media":56204,"comment_status":"","ping_status":"","sticky":false,"template":"","format":"standard","meta":{"footnotes":""},"categories":[66],"tags":[80,78,79,34,31,33,32,30,81,84,83,82],"class_list":{"0":"post-56203","1":"post","2":"type-post","3":"status-publish","4":"format-standard","5":"has-post-thumbnail","7":"category-vetenskap-och-teknik","8":"tag-science","9":"tag-science-and-technology","10":"tag-scienceandtechnology","11":"tag-se","12":"tag-svenska","13":"tag-sverige","14":"tag-sweden","15":"tag-swedish","16":"tag-technology","17":"tag-teknik","18":"tag-vetenskap","19":"tag-vetenskapteknik"},"share_on_mastodon":{"url":"","error":""},"_links":{"self":[{"href":"https:\/\/www.europesays.com\/se\/wp-json\/wp\/v2\/posts\/56203","targetHints":{"allow":["GET"]}}],"collection":[{"href":"https:\/\/www.europesays.com\/se\/wp-json\/wp\/v2\/posts"}],"about":[{"href":"https:\/\/www.europesays.com\/se\/wp-json\/wp\/v2\/types\/post"}],"author":[{"embeddable":true,"href":"https:\/\/www.europesays.com\/se\/wp-json\/wp\/v2\/users\/2"}],"replies":[{"embeddable":true,"href":"https:\/\/www.europesays.com\/se\/wp-json\/wp\/v2\/comments?post=56203"}],"version-history":[{"count":0,"href":"https:\/\/www.europesays.com\/se\/wp-json\/wp\/v2\/posts\/56203\/revisions"}],"wp:featuredmedia":[{"embeddable":true,"href":"https:\/\/www.europesays.com\/se\/wp-json\/wp\/v2\/media\/56204"}],"wp:attachment":[{"href":"https:\/\/www.europesays.com\/se\/wp-json\/wp\/v2\/media?parent=56203"}],"wp:term":[{"taxonomy":"category","embeddable":true,"href":"https:\/\/www.europesays.com\/se\/wp-json\/wp\/v2\/categories?post=56203"},{"taxonomy":"post_tag","embeddable":true,"href":"https:\/\/www.europesays.com\/se\/wp-json\/wp\/v2\/tags?post=56203"}],"curies":[{"name":"wp","href":"https:\/\/api.w.org\/{rel}","templated":true}]}}