{"id":56220,"date":"2025-10-15T12:18:13","date_gmt":"2025-10-15T12:18:13","guid":{"rendered":"https:\/\/www.europesays.com\/se\/56220\/"},"modified":"2025-10-15T12:18:13","modified_gmt":"2025-10-15T12:18:13","slug":"internationell-vavfest-i-gavle-sa-summerar-vi-vav2025","status":"publish","type":"post","link":"https:\/\/www.europesays.com\/se\/56220\/","title":{"rendered":"Internationell v\u00e4vfest i G\u00e4vle \u2013 s\u00e5 summerar vi V\u00c4V2025"},"content":{"rendered":"<p>                    &#13;<br \/>\n&#13;<br \/>\n                        <img decoding=\"async\" class=\"figure__img\"   src=\"https:\/\/www.europesays.com\/se\/wp-content\/uploads\/2025\/10\/IMG_5301-2.jpg\" alt=\"M\u00e5nga bes\u00f6kare samlade i omr\u00e5det &quot;V\u00c4VTORGET&quot;, d\u00e4r v\u00e4vda textilier och dukningar visas upp i olika montrar.\"\/>&#13;<br \/>\n&#13;<br \/>\n                            M\u00e5nga bes\u00f6kare samlade i omr\u00e5det &#8221;V\u00c4VTORGET&#8221;, d\u00e4r v\u00e4vda textilier och dukningar visas upp i olika montrar.&#13;<\/p>\n<p>L\u00e4ngst ned i artikeln hittar ni bilder fr\u00e5n dagen.<\/p>\n<p>V\u00e5rt bidrag till m\u00e4ssan<\/p>\n<p>Region G\u00e4vleborg medverkade med en 160 kvadratmeter stor utst\u00e4llningsyta, d\u00e4r vi samlade flera av l\u00e4nets v\u00e4vstugor, f\u00f6reningar och sl\u00f6jdare samt visade textilkonst ur v\u00e5r egen konstsamling och satte fokus p\u00e5 \u00e5rets tema: <strong>h\u00e4lsa och v\u00e4lbefinnande.<\/strong><\/p>\n<p>Kultur G\u00e4vleborg, V\u00e4rldsarvet H\u00e4lsingeg\u00e5rdar, Forsa folkh\u00f6gskola och V\u00e4sterbergs folkh\u00f6gskola deltog tillsammans f\u00f6r att visa bredden i v\u00e5rt textila arbete \u2013 fr\u00e5n folkbildning och utbildning till kulturarv och samtidskonst. V\u00e5r n\u00e4rvaro gav m\u00f6jlighet att m\u00f6ta b\u00e5de lokal publik och internationella g\u00e4ster, och att visa upp hur vi arbetar med att st\u00e4rka sl\u00f6jd, skapande och gemenskap.<\/p>\n<p>H\u00e4r f\u00e5r n\u00e5gra av v\u00e5ra verksamheter ge sin bild av hur m\u00e4ssan gick:<\/p>\n<p>            &#13;<\/p>\n<p>                    <img decoding=\"async\" class=\"figure__img\"   src=\"https:\/\/www.europesays.com\/se\/wp-content\/uploads\/2025\/10\/IMG_5331.jpg\" alt=\"Kvinna i bl\u00e5 tr\u00f6ja st\u00e5r framf\u00f6r en r\u00f6d modell av en traditionell H\u00e4lsingeg\u00e5rd.\"\/><br \/>\n                &#13;<br \/>\n                    Anna-Karin Ferm framf\u00f6r H\u00e4lsingeg\u00e5rd Erik-Anders i miniatyr p\u00e5 V\u00e4vm\u00e4ssan i G\u00e4vle&#13;<\/p>\n<p>\u2013 Arbetet med v\u00e4vm\u00e4ssan har gett oss en unik m\u00f6jlighet att l\u00e4ra k\u00e4nna G\u00e4vleborgs v\u00e4vliv. Det har varit b\u00e5de viktigt och roligt att tillsammans med olika akt\u00f6rer arbeta mot samma m\u00e5l och erbjuda en arena f\u00f6r l\u00e4nets aktiva och \u00e4ven en m\u00f6tesplats f\u00f6r intresserade och nyfikna. Just v\u00e4vm\u00e4ssan \u00e4r en plats f\u00f6r inspiration i allm\u00e4nhet och traderad kunskap kring hantverk och material i synnerhet. Det har varit v\u00e4rdefullt att bidra till den synergin b\u00e5de i v\u00e5rt eget l\u00e4n och p\u00e5 ett nationellt plan, s\u00e4ger Linnea Eriksdotter och Matilda Wiklander Palmertz vid Kultur G\u00e4vleborg.<\/p>\n<p>\u2013 V\u00e4v 2025 blev en succ\u00e9 f\u00f6r V\u00e4rldsarvet H\u00e4lsingeg\u00e5rdar som var placerad i direkt anslutning till entr\u00e9n med en minikopia av v\u00e4rldsarvsg\u00e5rden Erik-Anders. Under m\u00e4ssdagarna m\u00f6tte vi s\u00e5 m\u00e5nga intresserade och kunniga bes\u00f6kare. Vi pratade v\u00e4rldsarv, gav ut broschyrer och v\u00e4skor \u2013 vilket var otroligt uppskattat \u2013 och delade ut linfr\u00f6 att s\u00e5 till v\u00e5ren. Vi fick ocks\u00e5 l\u00e4ra oss mycket av den kunniga m\u00e4sspubliken\u2026 F\u00f6r V\u00e4rldsarvet H\u00e4lsingeg\u00e5rdar var det helt r\u00e4tt m\u00e5lgrupp. Nu hoppas vi p\u00e5 m\u00e5nga nya bes\u00f6kare till H\u00e4lsingland och v\u00e4rldsarvet n\u00e4sta sommar, s\u00e4ger Anna-Karin Ferm, V\u00e4rldsarvet H\u00e4lsingeg\u00e5rdar.<\/p>\n<p>\u2013 Att kunna visa upp ett urval fr\u00e5n regionens konstsamling i det h\u00e4r sammanhanget och tillsammans med kunniga och erfarna bes\u00f6kare och ut\u00f6vare diskutera verken utifr\u00e5n material, inneh\u00e5ll, teknik och konstn\u00e4rskap \u00e4r otroligt givande och l\u00e4rorikt. Att f\u00e5 m\u00f6jlighet att ber\u00e4tta om det arbete vi utf\u00f6r och visa p\u00e5 den kvalit\u00e9 och bredd samlingen b\u00e4r p\u00e5 bidrar till \u00f6kat kunnande och \u00f6kad stolthet \u00f6ver det vi \u00e4ger, f\u00f6rvaltar och utvecklar tillsammans, s\u00e4ger Jenny Nilsson, konstsamlingsteamet p\u00e5 Kultur G\u00e4vleborg.<\/p>\n<p>L\u00e4rdomar och n\u00e4sta steg<\/p>\n<p>F\u00f6r oss har V\u00c4V2025 varit ett tillf\u00e4lle att knyta nya kontakter, st\u00e4rka befintliga samarbeten och visa v\u00e5r kulturverksamhet i ett internationellt sammanhang. Vi har ocks\u00e5 f\u00e5tt v\u00e4rdefulla erfarenheter av hur vi kan utveckla samarbetet mellan f\u00f6reningsliv, folkbildning och kulturf\u00f6rvaltning.<\/p>\n<p>Svenska V\u00e4vr\u00e5det, som st\u00e5r bakom m\u00e4ssan, har redan meddelat att v\u00e4vm\u00e4ssan forts\u00e4tter och \u00e5terkommer 2028 \u2013 n\u00e4sta g\u00e5ng i en annan stad. F\u00f6r oss inneb\u00e4r det att vi nu kan summera en stor satsning p\u00e5 hemmaplan och b\u00f6rja fundera p\u00e5 hur vi tar vara p\u00e5 engagemanget och de nya kontakterna fram\u00e5t.<\/p>\n<p><strong>H\u00e4r kan du se bilder fr\u00e5n dagen:<\/strong><\/p>\n<p><img loading=\"lazy\" decoding=\"async\" src=\"https:\/\/www.europesays.com\/se\/wp-content\/uploads\/2025\/10\/IMG_5291.jpg\" alt=\"\" width=\"750\" height=\"400\" data-mediaid=\"77117\"\/><\/p>\n<p><img loading=\"lazy\" decoding=\"async\" src=\"https:\/\/www.europesays.com\/se\/wp-content\/uploads\/2025\/10\/IMG_5223.jpg\" alt=\"\" width=\"750\" height=\"500\" data-mediaid=\"77114\"\/><\/p>\n<p><img loading=\"lazy\" decoding=\"async\" src=\"https:\/\/www.europesays.com\/se\/wp-content\/uploads\/2025\/10\/IMG_5170.jpg\" alt=\"\" width=\"750\" height=\"500\" data-mediaid=\"77113\"\/><\/p>\n<p><img loading=\"lazy\" decoding=\"async\" src=\"https:\/\/www.europesays.com\/se\/wp-content\/uploads\/2025\/10\/IMG_5224.jpg\" alt=\"\" width=\"750\" height=\"507\" data-mediaid=\"77115\"\/><\/p>\n<p><img loading=\"lazy\" decoding=\"async\" src=\"https:\/\/www.europesays.com\/se\/wp-content\/uploads\/2025\/10\/IMG_5237.jpg\" alt=\"\" width=\"750\" height=\"468\" data-mediaid=\"77116\"\/><\/p>\n<p><img loading=\"lazy\" decoding=\"async\" src=\"https:\/\/www.europesays.com\/se\/wp-content\/uploads\/2025\/10\/IMG_5162.jpg\" alt=\"\" width=\"750\" height=\"451\" data-mediaid=\"77111\"\/><\/p>\n<p><img loading=\"lazy\" decoding=\"async\" src=\"https:\/\/www.europesays.com\/se\/wp-content\/uploads\/2025\/10\/IMG_5141.jpg\" alt=\"\" width=\"750\" height=\"512\" data-mediaid=\"77108\"\/><\/p>\n<p><img loading=\"lazy\" decoding=\"async\" src=\"https:\/\/www.europesays.com\/se\/wp-content\/uploads\/2025\/10\/IMG_5095.jpg\" alt=\"\" width=\"750\" height=\"511\" data-mediaid=\"77103\"\/><\/p>\n<p><img loading=\"lazy\" decoding=\"async\" src=\"https:\/\/www.europesays.com\/se\/wp-content\/uploads\/2025\/10\/IMG_5104.jpg\" alt=\"\" width=\"750\" height=\"485\" data-mediaid=\"77104\"\/><\/p>\n<p><img loading=\"lazy\" decoding=\"async\" src=\"https:\/\/www.europesays.com\/se\/wp-content\/uploads\/2025\/10\/IMG_5070.jpg\" alt=\"\" width=\"750\" height=\"469\" data-mediaid=\"77098\"\/><\/p>\n<p><img loading=\"lazy\" decoding=\"async\" src=\"https:\/\/www.europesays.com\/se\/wp-content\/uploads\/2025\/10\/IMG_5084.jpg\" alt=\"\" width=\"750\" height=\"503\" data-mediaid=\"77101\"\/><\/p>\n<p><img loading=\"lazy\" decoding=\"async\" src=\"https:\/\/www.europesays.com\/se\/wp-content\/uploads\/2025\/10\/IMG_5077.jpg\" alt=\"\" width=\"750\" height=\"500\" data-mediaid=\"77100\"\/><\/p>\n<p><img loading=\"lazy\" decoding=\"async\" src=\"https:\/\/www.europesays.com\/se\/wp-content\/uploads\/2025\/10\/IMG_5089.jpg\" alt=\"\" width=\"750\" height=\"500\" data-mediaid=\"77102\"\/><\/p>\n","protected":false},"excerpt":{"rendered":"&#13; &#13; &#13; &#13; M\u00e5nga bes\u00f6kare samlade i omr\u00e5det &#8221;V\u00c4VTORGET&#8221;, d\u00e4r v\u00e4vda textilier och dukningar visas upp i&hellip;\n","protected":false},"author":2,"featured_media":56221,"comment_status":"","ping_status":"","sticky":false,"template":"","format":"standard","meta":{"footnotes":""},"categories":[67],"tags":[104,34,31,33,32,30,105],"class_list":{"0":"post-56220","1":"post","2":"type-post","3":"status-publish","4":"format-standard","5":"has-post-thumbnail","7":"category-underhallning","8":"tag-entertainment","9":"tag-se","10":"tag-svenska","11":"tag-sverige","12":"tag-sweden","13":"tag-swedish","14":"tag-underhallning"},"share_on_mastodon":{"url":"","error":""},"_links":{"self":[{"href":"https:\/\/www.europesays.com\/se\/wp-json\/wp\/v2\/posts\/56220","targetHints":{"allow":["GET"]}}],"collection":[{"href":"https:\/\/www.europesays.com\/se\/wp-json\/wp\/v2\/posts"}],"about":[{"href":"https:\/\/www.europesays.com\/se\/wp-json\/wp\/v2\/types\/post"}],"author":[{"embeddable":true,"href":"https:\/\/www.europesays.com\/se\/wp-json\/wp\/v2\/users\/2"}],"replies":[{"embeddable":true,"href":"https:\/\/www.europesays.com\/se\/wp-json\/wp\/v2\/comments?post=56220"}],"version-history":[{"count":0,"href":"https:\/\/www.europesays.com\/se\/wp-json\/wp\/v2\/posts\/56220\/revisions"}],"wp:featuredmedia":[{"embeddable":true,"href":"https:\/\/www.europesays.com\/se\/wp-json\/wp\/v2\/media\/56221"}],"wp:attachment":[{"href":"https:\/\/www.europesays.com\/se\/wp-json\/wp\/v2\/media?parent=56220"}],"wp:term":[{"taxonomy":"category","embeddable":true,"href":"https:\/\/www.europesays.com\/se\/wp-json\/wp\/v2\/categories?post=56220"},{"taxonomy":"post_tag","embeddable":true,"href":"https:\/\/www.europesays.com\/se\/wp-json\/wp\/v2\/tags?post=56220"}],"curies":[{"name":"wp","href":"https:\/\/api.w.org\/{rel}","templated":true}]}}