{"id":56224,"date":"2025-10-15T12:23:08","date_gmt":"2025-10-15T12:23:08","guid":{"rendered":"https:\/\/www.europesays.com\/se\/56224\/"},"modified":"2025-10-15T12:23:08","modified_gmt":"2025-10-15T12:23:08","slug":"budskapet-fran-nordkorea-under-kronprinsessan-victorias-besok","status":"publish","type":"post","link":"https:\/\/www.europesays.com\/se\/56224\/","title":{"rendered":"Budskapet fr\u00e5n Nordkorea under kronprinsessan Victorias bes\u00f6k"},"content":{"rendered":"<p>Publicerad 15 okt 2025 kl 10.53Uppdaterad kl 11.36<\/p>\n<p>H\u00e4r bes\u00f6ker Victoria och Daniel den h\u00e5rdbevakade gr\u00e4nsen mellan Sydkorea och Nordkorea.<\/p>\n<p>Nyligen sk\u00f6ts varningsskott \u00f6ver gr\u00e4nsen.<\/p>\n<p>P\u00e5 den andra sidan, i en av v\u00e4rldens mest st\u00e4ngda diktaturer, fanns skyltar med budskap.\u00a0<\/p>\n<p>Starbucks har \u00f6ppnat ett kaf\u00e9 i Sydkorea d\u00e4r man ser in i Nordkorea.<\/p>\n<p>Vapenskrammel och k\u00e4rnvapenhot har gjort byn Panmunjom till en av v\u00e4rldens mest bev\u00e4pnade gr\u00e4nspositioner.\u00a0<\/p>\n<p>Norr om stillest\u00e5ndslinjen i diktaturen <a href=\"https:\/\/www.expressen.se\/tagg\/location\/nordkorea\/\" class=\"\" rel=\"nofollow noopener\" target=\"_blank\">Nordkorea<\/a> finns artilleripj\u00e4ser som ber\u00e4knas kunna n\u00e5 de sex milen till Seouls 25 miljoner m\u00e4nniskor p\u00e5 endast 90 sekunder.\u00a0<\/p>\n<p>S\u00f6der om stillest\u00e5ndslinjen i Sydkorea finns fler \u00e4n en halv miljon soldater.\u00a0<\/p>\n<p>Under onsdagen bes\u00f6ktes kronprinsessan Victoria och prins Daniel den demilitariserade zonen d\u00e4r soldater st\u00e4ndigt \u00e4r p\u00e5 h\u00f6gsp\u00e4nn.\u00a0<\/p>\n<p><img loading=\"lazy\"   alt=\"\"\/><\/p>\n<p>Kronprinsessparet och Sveriges utrikesminister vid gr\u00e4nsen.<\/p>\n<p>Foto: United Nations Command<\/p>\n<p>\u00d6ppna bild i helsk\u00e4rm<img loading=\"lazy\"   alt=\"\"\/><\/p>\n<p>Andreas Carlsson och kronprinsessan f\u00e5r information om gr\u00e4nsarbetet i de byggnader som ligger p\u00e5 gr\u00e4nsen, och allts\u00e5 \u00e4r i b\u00e5de Sydkorea och Nordkorea.<\/p>\n<p>Foto: United Nations Command<\/p>\n<p>\u00d6ppna bild i helsk\u00e4rm<img loading=\"lazy\"   alt=\"\"\/><\/p>\n<p>Infrastrukturminister Andreas Carlson och utrikesminister Maria Malmer Stenergard \u00e4r med under bes\u00f6ket.<\/p>\n<p>Foto: Privat<\/p>\n<p>\u00d6ppna bild i helsk\u00e4rmVarningsskott\u00a0<\/p>\n<p>Sedan Koreakrigets slut har den svenska f\u00f6rsvarsmakten, inom ramen f\u00f6r Neutrala nationernas \u00f6vervakningskommission (NNSC) haft personal i gr\u00e4nslandet mellan Nord- och Sydkorea. Uppdraget \u00e4r att se till att villkoren f\u00f6r vapenstillest\u00e5ndsavtalet som fattades 1953 f\u00f6ljs.<\/p>\n<p>Sedan 1995, d\u00e5 Nordkorea sa upp avtalet, jobbar svenskarna i NNSC endast mot den sydkoreanska sidan.\u00a0<\/p>\n<p>P\u00e5 v\u00e4g till gr\u00e4nspositionen kunde kronprinsessan se en enorm nordkoreansk flagga h\u00f6gst upp p\u00e5 en 160 meter l\u00e5ng flaggst\u00e5ng i gr\u00e4nsbyn Kij\u014fng-dong. Flaggst\u00e5ngen \u00e4r ett svar p\u00e5 att Sydkorea byggde en flaggst\u00e5ng som var 98,4 meter i sin gr\u00e4nsby Daeseong-dong.<\/p>\n<p><img loading=\"lazy\"   alt=\"\"\/><\/p>\n<p>Kronprinsessparet under sitt bes\u00f6k i den demilitariserade zonen.<\/p>\n<p>Foto: United Nations Command<\/p>\n<p>\u00d6ppna bild i helsk\u00e4rm<img loading=\"lazy\"   alt=\"\"\/><\/p>\n<p>Kronprinsessan, med milt\u00e4r bakgrund, i livligt samtal.<\/p>\n<p>Foto: United Nations Command<\/p>\n<p>\u00d6ppna bild i helsk\u00e4rm<img loading=\"lazy\"   alt=\"\"\/><\/p>\n<p>Prins Daniel passade p\u00e5 att tacka generalmajor St\u00e5hlberg och den svenska delegationen.<\/p>\n<p>Foto: United Nations Command<\/p>\n<p>\u00d6ppna bild i helsk\u00e4rm<img loading=\"lazy\"   alt=\"\"\/><\/p>\n<p>Det var ett uppskattat bes\u00f6k f\u00f6r Neutrala nationernas \u00f6vervakningskommission.<\/p>\n<p>Foto: United Nations Command<\/p>\n<p>\u00d6ppna bild i helsk\u00e4rm<\/p>\n<p>P\u00e5 platsen finns ocks\u00e5 p\u00e5minnelser om att det ov\u00e4ntade kan ske.<\/p>\n<p>En minnessten hedrar de tv\u00e5 amerikanska officerarna Arthur Bonifas och Mark Barrett som 1976 f\u00f6ll offer f\u00f6r en nordkoreansk yxattack.\u00a0<\/p>\n<p>S\u00e5 sent som f\u00f6r tv\u00e5 m\u00e5nader sedan sk\u00f6t sydkoreanska soldater tio varningsskott mot en grupp nordkoreanska soldater som g\u00e5tt \u00f6ver gr\u00e4nsen.\u00a0<\/p>\n<p>Ballonger \u00f6ver gr\u00e4nsen<\/p>\n<p>Man m\u00e5ste ocks\u00e5 vara f\u00f6rberedd p\u00e5 att nordkoreaner f\u00f6rs\u00f6ker l\u00e4mna en av v\u00e4rldens mest st\u00e4ngda diktaturer.<\/p>\n<p>F\u00f6r \u00e5tta \u00e5r sedan flydde en nordkoreansk soldat, f\u00f6rst i jeep och sedan till fots, n\u00e4ra gr\u00e4nspositionen. Soldaten besk\u00f6ts av sina egna nordkoreanska styrkor, skottskadades sv\u00e5rt, men kunde senare r\u00e4ddas av sydkoreanska trupper.\u00a0<\/p>\n<p>\u00a0\u2013 Han best\u00e4mde sig f\u00f6r att fly efter att ha sett ett avsnitt av \u201dCSI: New York\u201d som vi skickat \u00f6ver gr\u00e4nsen, har den nordkoreanska avhopparen Jung Gwang Il, som tidigare skickat flaskpost med information och v\u00e4sterl\u00e4ndska filmer \u00f6ver gr\u00e4nsen, ber\u00e4ttat i Expressen.<\/p>\n<p>Annons<\/p>\n<p>Sydkoreas nya president Lee Jae Myung har anammat en mjukare linje mot Nordkorea. Man har f\u00f6rs\u00f6kt stoppa inv\u00e5nare att skicka flaskpost och ballonger \u00f6ver gr\u00e4nsen, samtidigt har Nordkorea som ett svar st\u00e4ngt ned de propagandas\u00e4ndningar som s\u00e4nts i h\u00f6gtalare mot den sydkoreanska sidan.<\/p>\n<p>Nordkoreas h\u00e4lsning<\/p>\n<p>Expressens bilder visar dock att det fanns skyltar p\u00e5 den nordkoreanska sidan n\u00e4ra gr\u00e4nsen under kronprinsessans bes\u00f6k.\u00a0<\/p>\n<p>En stor skylt riktad mot Sydkorea meddelade \u201dVi ska f\u00f6rsvara v\u00e5r revolution\u201d.<\/p>\n<p>En annan skylt hyllade landets juche-ideologi och filosofin om att vara sj\u00e4lvf\u00f6rs\u00f6rjande, med orden \u201dSj\u00e4lvst\u00e4ndighet\u201d.<\/p>\n<p>Ytterligare en skylt uppmanade till hopp med orden \u201d\u00c4lska framtiden!\u201d.<\/p>\n<p><img loading=\"lazy\"   alt=\"\"\/><\/p>\n<p>Expressens bilder visar Nordkoreas propaganda. H\u00e4r \u00e4r budskapet \u201d\u00c4lska framtiden!\u201d<\/p>\n<p>Foto: SVEN LINDWALL<\/p>\n<p>\u00d6ppna bild i helsk\u00e4rm<img loading=\"lazy\"   alt=\"\"\/><\/p>\n<p>Skylt i Nordkorea, vid gr\u00e4nsen, med budskapet \u201dVi ska f\u00f6rsvara v\u00e5r revolution\u201d.<\/p>\n<p>Foto: SVEN LINDWALL<\/p>\n<p>\u00d6ppna bild i helsk\u00e4rm<\/p>\n<p>Utrikesminister Maria Malmer Stenergard (M) deltog ocks\u00e5 i bes\u00f6ket. Hon var p\u00e5 den Nordkoreanska sidan tillsammans med Andreas Carlsson (Kd), infrastruktur- och bostadsminister. D\u00e4r fick de information om arbetet vid gr\u00e4nsen.\u00a0<\/p>\n<p>\u2013 Det svenska engagemanget f\u00f6r fred och s\u00e4kerhet p\u00e5 Koreahalv\u00f6n \u00e4r fortsatt starkt, s\u00e4ger Maria Malmer Stenergard.\u00a0<\/p>\n<p>\u2013 Sverige har bidragit med en delegation till NNSC under de senaste 72 \u00e5ren. Vi \u00e4r tacksamma och stolta f\u00f6r generalmajor St\u00e5hlberg och den svenska delegationens tj\u00e4nster. Det var fint att kunna tala med dem om deras viktiga uppdrag p\u00e5 plats.<\/p>\n<p><img loading=\"lazy\"   alt=\"\"\/><\/p>\n<p>Expressens reporter Robert B\u00f6rjesson och fotograf Sven Lindwall vid gr\u00e4nsen mot Nordkorea.<\/p>\n<p>Foto: SVEN LINDWALL<\/p>\n<p>\u00d6ppna bild i helsk\u00e4rm<\/p>\n","protected":false},"excerpt":{"rendered":"Publicerad 15 okt 2025 kl 10.53Uppdaterad kl 11.36 H\u00e4r bes\u00f6ker Victoria och Daniel den h\u00e5rdbevakade gr\u00e4nsen mellan Sydkorea&hellip;\n","protected":false},"author":2,"featured_media":56225,"comment_status":"","ping_status":"","sticky":false,"template":"","format":"standard","meta":{"footnotes":""},"categories":[5],"tags":[22,23,26,27,17,21,24,25,1132,28,29,15,16,1703,18,34,612,31,33,32,30,19,20],"class_list":{"0":"post-56224","1":"post","2":"type-post","3":"status-publish","4":"format-standard","5":"has-post-thumbnail","7":"category-rubriker","8":"tag-breaking-news","9":"tag-breakingnews","10":"tag-featured-news","11":"tag-featurednews","12":"tag-headlines","13":"tag-huvudnyheter","14":"tag-latest-news","15":"tag-latestnews","16":"tag-location-nordkorea","17":"tag-main-news","18":"tag-mainnews","19":"tag-news","20":"tag-nyheter","21":"tag-person-kronprinsessan-victoria","22":"tag-rubriker","23":"tag-se","24":"tag-sections-kungligt","25":"tag-svenska","26":"tag-sverige","27":"tag-sweden","28":"tag-swedish","29":"tag-top-stories","30":"tag-topstories"},"share_on_mastodon":{"url":"","error":""},"_links":{"self":[{"href":"https:\/\/www.europesays.com\/se\/wp-json\/wp\/v2\/posts\/56224","targetHints":{"allow":["GET"]}}],"collection":[{"href":"https:\/\/www.europesays.com\/se\/wp-json\/wp\/v2\/posts"}],"about":[{"href":"https:\/\/www.europesays.com\/se\/wp-json\/wp\/v2\/types\/post"}],"author":[{"embeddable":true,"href":"https:\/\/www.europesays.com\/se\/wp-json\/wp\/v2\/users\/2"}],"replies":[{"embeddable":true,"href":"https:\/\/www.europesays.com\/se\/wp-json\/wp\/v2\/comments?post=56224"}],"version-history":[{"count":0,"href":"https:\/\/www.europesays.com\/se\/wp-json\/wp\/v2\/posts\/56224\/revisions"}],"wp:featuredmedia":[{"embeddable":true,"href":"https:\/\/www.europesays.com\/se\/wp-json\/wp\/v2\/media\/56225"}],"wp:attachment":[{"href":"https:\/\/www.europesays.com\/se\/wp-json\/wp\/v2\/media?parent=56224"}],"wp:term":[{"taxonomy":"category","embeddable":true,"href":"https:\/\/www.europesays.com\/se\/wp-json\/wp\/v2\/categories?post=56224"},{"taxonomy":"post_tag","embeddable":true,"href":"https:\/\/www.europesays.com\/se\/wp-json\/wp\/v2\/tags?post=56224"}],"curies":[{"name":"wp","href":"https:\/\/api.w.org\/{rel}","templated":true}]}}