{"id":56251,"date":"2025-10-15T12:59:14","date_gmt":"2025-10-15T12:59:14","guid":{"rendered":"https:\/\/www.europesays.com\/se\/56251\/"},"modified":"2025-10-15T12:59:14","modified_gmt":"2025-10-15T12:59:14","slug":"apple-har-precis-teasat-en-ny-macbook-pro-och-den-kan-bjuda-pa-mer-an-bara-ett-m5-chip","status":"publish","type":"post","link":"https:\/\/www.europesays.com\/se\/56251\/","title":{"rendered":"Apple har precis teasat en ny MacBook Pro \u2013 och den kan bjuda p\u00e5 mer \u00e4n bara ett M5-chip"},"content":{"rendered":"<ul id=\"9551d357-745f-47be-8198-7308d55dea59\">\n<li><strong>Apple bjuder p\u00e5 teasern \u201cSomething powerful is coming\u201d<\/strong><\/li>\n<li><strong>Teasern visar en MacBook Pro som f\u00e4lls upp \u2013 troligen en ny M5-modell<\/strong><\/li>\n<li><strong>Ut\u00f6ver M5-chippet kan \u00e4ven en ny f\u00e4rg dyka upp f\u00f6r Apples Pro-laptops<\/strong><\/li>\n<\/ul>\n<p id=\"aa909c33-4581-42a3-9940-60b41172da5a\">Den h\u00e4r g\u00e5ngen var det inte <a data-analytics-id=\"inline-link\" href=\"https:\/\/global.techradar.com\/sv-se\/tag\/apple\" data-auto-tag-linker=\"true\" data-url=\"https:\/\/global.techradar.com\/sv-se\/tag\/apple\" data-hl-processed=\"none\" data-before-rewrite-localise=\"https:\/\/global.techradar.com\/sv-se\/tag\/apple\" rel=\"nofollow noopener\" target=\"_blank\">Apple<\/a>-chefen <a data-analytics-id=\"inline-link\" href=\"https:\/\/global.techradar.com\/sv-se\/tag\/tim-cook\" data-auto-tag-linker=\"true\" data-url=\"https:\/\/global.techradar.com\/sv-se\/tag\/tim-cook\" data-hl-processed=\"none\" data-before-rewrite-localise=\"https:\/\/global.techradar.com\/sv-se\/tag\/tim-cook\" rel=\"nofollow noopener\" target=\"_blank\">Tim Cook<\/a> som stod f\u00f6r teasern \u2013 som han <a data-analytics-id=\"inline-link\" href=\"https:\/\/www.techradar.com\/computing\/tim-cook-says-theres-something-in-the-air-this-week-and-it-might-just-be-the-rumored-macbook-air-with-the-m4-chip\" target=\"_blank\" rel=\"nofollow noopener\">gjorde vid lanseringen av den himmelsbl\u00e5 MacBook Air<\/a> och iPhone 16e \u2013 utan f\u00f6retagets marknadschef Greg Joswiak. Han har i praktiken bekr\u00e4ftat att \u00e5tminstone en ny Mac \u00e4r p\u00e5 v\u00e4g.<\/p>\n<p>I ett <a data-analytics-id=\"inline-link\" href=\"https:\/\/x.com\/gregjoz\/status\/1978172574782665062\" target=\"_blank\" data-url=\"https:\/\/x.com\/gregjoz\/status\/1978172574782665062\" referrerpolicy=\"no-referrer-when-downgrade\" data-hl-processed=\"none\" rel=\"nofollow\">inl\u00e4gg p\u00e5 X<\/a> skrev Joswiak: \u201cMmmmm\u2026 something powerful is coming.\u201d tillsammans med en kort video d\u00e4r en MacBook Pro syns f\u00e4llas upp i en V-form, f\u00f6ljt av texten \u201cComing Soon\u201d i olika bl\u00e5 nyanser. R\u00e4knar man antalet \u201cm\u201d i hans inl\u00e4gg och minns att den romerska siffran V st\u00e5r f\u00f6r 5, k\u00e4nns det uppenbart att detta \u00e4r en direkt teaser f\u00f6r en MacBook Pro med M5-chip.<\/p>\n<blockquote class=\"twitter-tweet hawk-ignore\" data-lang=\"en\">\n<p lang=\"en\" dir=\"ltr\">Mmmmm\u2026 something powerful is coming. pic.twitter.com\/hHDYwuisJC<a href=\"https:\/\/twitter.com\/cantworkitout\/status\/1978172574782665062\" data-url=\"https:\/\/twitter.com\/cantworkitout\/status\/1978172574782665062\" target=\"_blank\" referrerpolicy=\"no-referrer-when-downgrade\" data-hl-processed=\"none\" rel=\"nofollow noopener\">October 14, 2025<\/a><\/p>\n<\/blockquote>\n<p><a id=\"elk-seasonal\" href=\"\" data-url=\"\" target=\"_blank\" referrerpolicy=\"no-referrer-when-downgrade\" data-hl-processed=\"none\"\/><\/p>\n<p id=\"82c9098b-2f44-427d-a606-2f37fa7719b0-0\">Vad \u201cComing Soon\u201d betyder exakt \u00e4r oklart, men baserat p\u00e5 tidigare Apple-teasers i sociala medier kan vi f\u00f6rv\u00e4nta oss att lanseringen sker redan senare denna vecka \u2013 m\u00f6jligen redan p\u00e5 onsdag den 15 oktober 2025.<\/p>\n<p>Du kanske gillar<\/p>\n<p>Apple brukar lansera nya Mac-modeller i oktober, och under 2024 presenterade f\u00f6retaget nya 14- och 16-tumsversioner av MacBook Pro, en omdesignad Mac mini, en kraftfullare Mac Studio och en ny iMac \u2013 alla med M4-chip. Nu verkar det \u00e5tminstone som att en ny Mac \u00e4r p\u00e5 v\u00e4g, sannolikt en uppdaterad version av MacBook Pro utrustad med M5.<\/p>\n<p>Det kommer inte som n\u00e5gon st\u00f6rre \u00f6verraskning med tanke p\u00e5 Apples historik av oktoberevenemang och de senaste m\u00e5nadernas rykten om kommande M5-Macar. Enligt rykten kommer Apple att beh\u00e5lla den nuvarande designen med 14- och 16-tumssk\u00e4rmar, rej\u00e4la portar och robust konstruktion, men byta ut innanm\u00e4tet till den nya och mer kraftfulla M5-processorn.<\/p>\n<p>Troligtvis kommer MacBook Pro med M5 att lanseras i tre varianter \u2013 basmodellen, M5 Pro och M5 Max \u2013 om Apple f\u00f6ljer sin vanliga namnstruktur.<\/p>\n<p class=\"vanilla-image-block\" style=\"padding-top:88.81%;\"><img decoding=\"async\" src=\"https:\/\/www.europesays.com\/se\/wp-content\/uploads\/2025\/10\/gfmrMtZ9tNUNciwLB2knXX.gif\" alt=\"Apple Something Powerful Is Coming Teaser\" loading=\"lazy\" data-new-v2-image=\"true\" data-original-mos=\"https:\/\/www.europesays.com\/se\/wp-content\/uploads\/2025\/10\/gfmrMtZ9tNUNciwLB2knXX.gif\" data-pin-media=\"https:\/\/www.europesays.com\/se\/wp-content\/uploads\/2025\/10\/gfmrMtZ9tNUNciwLB2knXX.gif\"\/><\/p>\n<p>(Image credit: Apple)<\/p>\n<p id=\"e6abfb9e-9bcf-4c91-869f-125fe48a07f2\">Men ut\u00f6ver chippet kan vi \u00e4ven f\u00e5 se n\u00e5got nytt p\u00e5 utsidan. Medan M4-MacBook Pro finns i f\u00e4rgerna Space Black och Silver, tyder Joswiaks teaser p\u00e5 att en ny f\u00e4rgvariant kan vara p\u00e5 v\u00e4g. P\u00e5 samma s\u00e4tt som Apple gav Pro-modellerna av iPhone ett lyft med f\u00e4rgerna Cosmic Orange och en ny bl\u00e5 nyans, kan nu \u00e4ven Pro-laptopen f\u00e5 lite f\u00e4rg.<\/p>\n<p class=\"newsletter-form__strapline\">Registrera dig f\u00f6r senaste nyheter, recensioner, \u00e5sikter, toppteknologiska erbjudanden och mer.<\/p>\n<p>Av teasern att d\u00f6ma verkar MacBook Pro ha en subtil bl\u00e5 ton \u2013 kanske inte lika ljus och luftig som den himmelsbl\u00e5 MacBook Air, utan snarare en djupare marinbl\u00e5 nyans.<\/p>\n<p>Vi f\u00e5r f\u00f6rst\u00e5s v\u00e4nta p\u00e5 att Apple bekr\u00e4ftar det hela officiellt, men med en teaser direkt fr\u00e5n Apples egen marknadschef k\u00e4nns det som att en ny Mac-lansering \u00e4r n\u00e4ra f\u00f6rest\u00e5ende. Vi kommer givetvis att t\u00e4cka hela eventet n\u00e4r det sker.<\/p>\n<p><script async src=\"https:\/\/platform.twitter.com\/widgets.js\" charset=\"utf-8\"><\/script><\/p>\n","protected":false},"excerpt":{"rendered":"Apple bjuder p\u00e5 teasern \u201cSomething powerful is coming\u201d Teasern visar en MacBook Pro som f\u00e4lls upp \u2013 troligen&hellip;\n","protected":false},"author":2,"featured_media":56252,"comment_status":"","ping_status":"","sticky":false,"template":"","format":"standard","meta":{"footnotes":""},"categories":[66],"tags":[80,78,79,34,31,33,32,30,81,84,83,82],"class_list":{"0":"post-56251","1":"post","2":"type-post","3":"status-publish","4":"format-standard","5":"has-post-thumbnail","7":"category-vetenskap-och-teknik","8":"tag-science","9":"tag-science-and-technology","10":"tag-scienceandtechnology","11":"tag-se","12":"tag-svenska","13":"tag-sverige","14":"tag-sweden","15":"tag-swedish","16":"tag-technology","17":"tag-teknik","18":"tag-vetenskap","19":"tag-vetenskapteknik"},"share_on_mastodon":{"url":"","error":""},"_links":{"self":[{"href":"https:\/\/www.europesays.com\/se\/wp-json\/wp\/v2\/posts\/56251","targetHints":{"allow":["GET"]}}],"collection":[{"href":"https:\/\/www.europesays.com\/se\/wp-json\/wp\/v2\/posts"}],"about":[{"href":"https:\/\/www.europesays.com\/se\/wp-json\/wp\/v2\/types\/post"}],"author":[{"embeddable":true,"href":"https:\/\/www.europesays.com\/se\/wp-json\/wp\/v2\/users\/2"}],"replies":[{"embeddable":true,"href":"https:\/\/www.europesays.com\/se\/wp-json\/wp\/v2\/comments?post=56251"}],"version-history":[{"count":0,"href":"https:\/\/www.europesays.com\/se\/wp-json\/wp\/v2\/posts\/56251\/revisions"}],"wp:featuredmedia":[{"embeddable":true,"href":"https:\/\/www.europesays.com\/se\/wp-json\/wp\/v2\/media\/56252"}],"wp:attachment":[{"href":"https:\/\/www.europesays.com\/se\/wp-json\/wp\/v2\/media?parent=56251"}],"wp:term":[{"taxonomy":"category","embeddable":true,"href":"https:\/\/www.europesays.com\/se\/wp-json\/wp\/v2\/categories?post=56251"},{"taxonomy":"post_tag","embeddable":true,"href":"https:\/\/www.europesays.com\/se\/wp-json\/wp\/v2\/tags?post=56251"}],"curies":[{"name":"wp","href":"https:\/\/api.w.org\/{rel}","templated":true}]}}