{"id":56257,"date":"2025-10-15T13:07:11","date_gmt":"2025-10-15T13:07:11","guid":{"rendered":"https:\/\/www.europesays.com\/se\/56257\/"},"modified":"2025-10-15T13:07:11","modified_gmt":"2025-10-15T13:07:11","slug":"da-var-det-riktig-brandbil-allehanda-se","status":"publish","type":"post","link":"https:\/\/www.europesays.com\/se\/56257\/","title":{"rendered":"\u201dD\u00e5 var det riktig brandbil\u201d \u2013 Allehanda.se"},"content":{"rendered":"<p>Starten, power play och sjukdomar \u2013 Mattias Karlin hade mycket att s\u00e4ga om Modo-l\u00e4get inf\u00f6r Mora-matchen.<\/p>\n<p>\u2013 D\u00e5 var det riktig brandbil, s\u00e4ger han.<\/p>\n<p>Anledningen till det citatet i ingressen stavas frustation och missn\u00f6je. Detta f\u00f6r att Mattias Karlin lackade ur en del p\u00e5 tisdagstr\u00e4ningen och surade till v\u00e4ldigt, v\u00e4ldigt mycket p\u00e5 m\u00e5ndagstr\u00e4ningen.<\/p>\n<p>Varf\u00f6r? D\u00e4rf\u00f6r att han var mer \u00e4n missn\u00f6jd n\u00e4r spelarna skulle tr\u00e4na power play och box play. Framf\u00f6rallt har den f\u00f6rstn\u00e4mnda spelformen inte gett utdelning vilket var v\u00e4ldigt tydligt i m\u00f6tet med S\u00f6dert\u00e4lje.<\/p>\n<p>S\u00e5 nu har spelet i numer\u00e4rt \u00f6verl\u00e4ge gnuggats och det rej\u00e4lt.<\/p>\n<p>Om nu de problemen r\u00e4ttats till under de senaste tr\u00e4ningarna \u00e4r l\u00e5ngt ifr\u00e5n klart eftersom det blir en delexamen p\u00e5 onsdag och fredag. <\/p>\n<p>Men tr\u00e4narstaben har i alla fall analyserat sig fram till vad som inte fungerat och det har spelarna f\u00e5tt veta.<\/p>\n<p aria-disabled=\"true\" class=\"ad__preamble ad-text txt-style-muted txt-ui txt-ui--strong txt-ui-2\">Annons<\/p>\n<p>Mattias Karlin tvingades som att h\u00f6ja r\u00f6sten p\u00e5 den h\u00e4r veckans f\u00f6rsta tr\u00e4ningar.<\/p>\n<p>\u2013 Fel blir det ibland b\u00e5de p\u00e5 match och tr\u00e4ning. Men p\u00e5 tr\u00e4ning kan det bli fler fel d\u00e5 man testar saker och ting. Men det m\u00e5ste finnas en niv\u00e5 p\u00e5 hur mycket fel kan bli, s\u00e4ger Karlin och forts\u00e4tter:<\/p>\n<p aria-disabled=\"true\" class=\"ad__preamble ad-text txt-style-muted txt-ui txt-ui--strong txt-ui-2\">Annons<\/p>\n<p>\u2013 Den h\u00e4r tr\u00e4ningen hade vi fyra pucktapp inom loppet av tio sekunder och det \u00e4r inte okej och d\u00e5 m\u00e5ste jag reagera.<\/p>\n<p>Och \u00e4n v\u00e4rre var det p\u00e5 m\u00e5ndagstr\u00e4ningen.<\/p>\n<p>\u2013 D\u00e5 var det riktig brandbil. Vi spelade inte matchlikt p\u00e5 tr\u00e4ningen och det \u00e4r det v\u00e4rsta jag vet. Power play och box play \u00e4r det sv\u00e5raste att tr\u00e4na men man kan ju i alla fall f\u00f6rs\u00f6ka vara n\u00e4ra till att f\u00e5 det matchlikt och d\u00e4r var vi inte.<\/p>\n<p><strong>K\u00e4nner du att ni \u00e4r n\u00e4ra att f\u00e5 ordning p\u00e5 power play?<\/strong><\/p>\n<p>\u2013 Vi \u00e4r inne och petar i detaljer och f\u00f6rs\u00f6ker s\u00e4tta en struktur s\u00e5 att alla t\u00e4nker lika. Det \u00e4r sj\u00e4lvklart att vi inte \u00e4r n\u00f6jda med hur det ser ut stundtals, men det finns matcher d\u00e4r vi b\u00f6r g\u00f6ra b\u00e5de ett och tv\u00e5 m\u00e5l men vi g\u00f6r inget.<\/p>\n<p><strong>Men om jag s\u00e4ger att ni spelar f\u00f6r runt och skjuter f\u00f6r lite?<\/strong><\/p>\n<p>\u2013 Det \u00e4r ocks\u00e5 en sanning. Jag k\u00e4nner att vi vill g\u00f6ra lite f\u00f6r mycket sj\u00e4lva s\u00e5 man blir \u00e5kandes med pucken. Sedan har vi inte haft v\u00e4rldens b\u00e4sta t\u00e5lamod d\u00e5 vi tidigt s\u00f6kt en avg\u00f6rande passning.<\/p>\n<p><strong>Vad s\u00e4ger du om ing\u00e5ngarna?<\/strong><\/p>\n<p>\u2013 Det \u00e4r v\u00e4l det som varit s\u00e4mst d\u00e5 vi tar fel beslut. Vi har passningar att spela, ist\u00e4llet \u00e5ker vi in i problem. Det vi m\u00e5ste g\u00f6ra \u00e4r att vi ser ungef\u00e4r likadana ut varje kv\u00e4ll. Har vi best\u00e4mt n\u00e5t s\u00e5 ska vi g\u00f6ra det s\u00e5 n\u00e4ra hundra det bara g\u00e5r.<\/p>\n<p aria-disabled=\"true\" class=\"ad__preamble ad-text txt-style-muted txt-ui txt-ui--strong txt-ui-2\">Annons<\/p>\n<p>\u2013 Ska man ranka upp det \u00e4r ing\u00e5ngarna s\u00e4mst och dessutom spelar vi lite f\u00f6r mycket p\u00e5 instinkt stundtals och sedan tappar vi t\u00e5lamodet. Dessutom f\u00f6rlorar vi f\u00f6r mycket tekningar i power play och d\u00e5 m\u00e5ste man b\u00f6rja om och g\u00f6ra en ing\u00e5ng.<\/p>\n<p aria-disabled=\"true\" class=\"ad__preamble ad-text txt-style-muted txt-ui txt-ui--strong txt-ui-2\">Annons<\/p>\n<p>Men Modo leder \u00e4nd\u00e5 serien efter \u00e5tta omg\u00e5ngar, trots att spelet hackat stundtals.<\/p>\n<p>\u2013 Det \u00e4r helt om\u00f6jligt att vara d\u00e4r uppe kraven \u00e4r d\u00e5 vi har 18 nya spelare och sedan tror alla att allt ska sitta efter \u00e5tta matcher med fungerande kedjor och backpar samt fungerande power play. Lycka till med att hitta det laget, s\u00e4ger Mattias Karlin.<\/p>\n<p>D\u00e5 det g\u00e4ller skadel\u00e4get saknades Jacob Bengtsson och Jesper Olofsson p\u00e5 tisdagstr\u00e4ningen och ingen av de tv\u00e5 \u00e4r aktuella f\u00f6r spel mot Mora.<\/p>\n<p>\u2013 Bengtsson har varit sjuk och har inte \u00e5terh\u00e4mtat sig. \u201dJeppe\u201d hade en k\u00e4nning men skulle tr\u00e4na med oss i m\u00e5ndag men nu blev han sjuk ocks\u00e5. Han kanske \u00e4r med p\u00e5 v\u00e4rmningen i morgon men kommer inte att spela mot Mora.<\/p>\n<p>\u2013 Sedan f\u00e5r vi se hur l\u00e4get \u00e4r inf\u00f6r L\u00f6ven-matchen p\u00e5 fredag, avslutar Mattias Karlin.<\/p>\n","protected":false},"excerpt":{"rendered":"Starten, power play och sjukdomar \u2013 Mattias Karlin hade mycket att s\u00e4ga om Modo-l\u00e4get inf\u00f6r Mora-matchen. \u2013 D\u00e5&hellip;\n","protected":false},"author":2,"featured_media":56258,"comment_status":"","ping_status":"","sticky":false,"template":"","format":"standard","meta":{"footnotes":""},"categories":[66],"tags":[80,78,79,34,31,33,32,30,81,84,83,82],"class_list":{"0":"post-56257","1":"post","2":"type-post","3":"status-publish","4":"format-standard","5":"has-post-thumbnail","7":"category-vetenskap-och-teknik","8":"tag-science","9":"tag-science-and-technology","10":"tag-scienceandtechnology","11":"tag-se","12":"tag-svenska","13":"tag-sverige","14":"tag-sweden","15":"tag-swedish","16":"tag-technology","17":"tag-teknik","18":"tag-vetenskap","19":"tag-vetenskapteknik"},"share_on_mastodon":{"url":"","error":""},"_links":{"self":[{"href":"https:\/\/www.europesays.com\/se\/wp-json\/wp\/v2\/posts\/56257","targetHints":{"allow":["GET"]}}],"collection":[{"href":"https:\/\/www.europesays.com\/se\/wp-json\/wp\/v2\/posts"}],"about":[{"href":"https:\/\/www.europesays.com\/se\/wp-json\/wp\/v2\/types\/post"}],"author":[{"embeddable":true,"href":"https:\/\/www.europesays.com\/se\/wp-json\/wp\/v2\/users\/2"}],"replies":[{"embeddable":true,"href":"https:\/\/www.europesays.com\/se\/wp-json\/wp\/v2\/comments?post=56257"}],"version-history":[{"count":0,"href":"https:\/\/www.europesays.com\/se\/wp-json\/wp\/v2\/posts\/56257\/revisions"}],"wp:featuredmedia":[{"embeddable":true,"href":"https:\/\/www.europesays.com\/se\/wp-json\/wp\/v2\/media\/56258"}],"wp:attachment":[{"href":"https:\/\/www.europesays.com\/se\/wp-json\/wp\/v2\/media?parent=56257"}],"wp:term":[{"taxonomy":"category","embeddable":true,"href":"https:\/\/www.europesays.com\/se\/wp-json\/wp\/v2\/categories?post=56257"},{"taxonomy":"post_tag","embeddable":true,"href":"https:\/\/www.europesays.com\/se\/wp-json\/wp\/v2\/tags?post=56257"}],"curies":[{"name":"wp","href":"https:\/\/api.w.org\/{rel}","templated":true}]}}