{"id":56260,"date":"2025-10-15T13:09:08","date_gmt":"2025-10-15T13:09:08","guid":{"rendered":"https:\/\/www.europesays.com\/se\/56260\/"},"modified":"2025-10-15T13:09:08","modified_gmt":"2025-10-15T13:09:08","slug":"misstankt-mordbrand-i-gubbangen-svt-nyheter","status":"publish","type":"post","link":"https:\/\/www.europesays.com\/se\/56260\/","title":{"rendered":"Misst\u00e4nkt mordbrand i Gubb\u00e4ngen | SVT Nyheter"},"content":{"rendered":"<p>Klockan 10.48 larmades r\u00e4ddningstj\u00e4nsten till en brand i ett l\u00e4genhetshus i Gubb\u00e4ngen i s\u00f6dra Stockholm. <\/p>\n<p>\u2013 Det var en fullt utvecklat brand i en mindre l\u00e4genhet p\u00e5 bottenv\u00e5ningen, s\u00e4ger Ludvig S\u00e4\u00e4f p\u00e5 r\u00e4ddningstj\u00e4nsten. <\/p>\n<p>\u00c4ven polisen \u00e5kte till platsen. <\/p>\n<p>\u2013 Det var r\u00f6k och \u00e4ven l\u00e5gor som kom ur f\u00f6nstret, s\u00e4ger Robert Sennerdal hos polisen. <\/p>\n<p>En person till sjukhus<\/p>\n<p>R\u00e4ddningstj\u00e4nsten gick in i huset f\u00f6r att r\u00e4dda en person som befann sig inne i l\u00e4genheten. Personen fick \u00e5ka ambulans till sjukhus och skadel\u00e4get \u00e4r oklart. Polisen har inga uppgifter om fler personer som befann sig inne i l\u00e4genheten. <\/p>\n<p>Vid elvatiden var branden sl\u00e4ckt.<\/p>\n<p>Utreds som mordbrand<\/p>\n<p>Eftersom orsaken till branden \u00e4r oklart har polisen inlett en f\u00f6runders\u00f6kning med brottsrubricering mordbrand. <\/p>\n<p>\u2013 P\u00e5 det s\u00e4ttet tar man h\u00f6jd till alla orsaker f\u00f6r hur det kan ha uppst\u00e5tt. Det \u00e4r f\u00f6r att kunna utreda det s\u00e5 r\u00e4tt som m\u00f6jligt, s\u00e4ger Robert Sennerdal hos polisen. <\/p>\n<p>Enligt r\u00e4ddningstj\u00e4nsten har det uppst\u00e5tt lite r\u00f6kutveckling i trapphuset men inga fler l\u00e4genheter i huset har drabbats eller skadats. <\/p>\n","protected":false},"excerpt":{"rendered":"Klockan 10.48 larmades r\u00e4ddningstj\u00e4nsten till en brand i ett l\u00e4genhetshus i Gubb\u00e4ngen i s\u00f6dra Stockholm. \u2013 Det var&hellip;\n","protected":false},"author":2,"featured_media":793,"comment_status":"","ping_status":"","sticky":false,"template":"","format":"standard","meta":{"footnotes":""},"categories":[14],"tags":[22,23,26,27,17,21,24,25,28,29,15,16,18,34,31,33,32,30,19,20,51,52,53,54],"class_list":{"0":"post-56260","1":"post","2":"type-post","3":"status-publish","4":"format-standard","5":"has-post-thumbnail","7":"category-varlden","8":"tag-breaking-news","9":"tag-breakingnews","10":"tag-featured-news","11":"tag-featurednews","12":"tag-headlines","13":"tag-huvudnyheter","14":"tag-latest-news","15":"tag-latestnews","16":"tag-main-news","17":"tag-mainnews","18":"tag-news","19":"tag-nyheter","20":"tag-rubriker","21":"tag-se","22":"tag-svenska","23":"tag-sverige","24":"tag-sweden","25":"tag-swedish","26":"tag-top-stories","27":"tag-topstories","28":"tag-varlden","29":"tag-world","30":"tag-world-news","31":"tag-worldnews"},"share_on_mastodon":{"url":"","error":""},"_links":{"self":[{"href":"https:\/\/www.europesays.com\/se\/wp-json\/wp\/v2\/posts\/56260","targetHints":{"allow":["GET"]}}],"collection":[{"href":"https:\/\/www.europesays.com\/se\/wp-json\/wp\/v2\/posts"}],"about":[{"href":"https:\/\/www.europesays.com\/se\/wp-json\/wp\/v2\/types\/post"}],"author":[{"embeddable":true,"href":"https:\/\/www.europesays.com\/se\/wp-json\/wp\/v2\/users\/2"}],"replies":[{"embeddable":true,"href":"https:\/\/www.europesays.com\/se\/wp-json\/wp\/v2\/comments?post=56260"}],"version-history":[{"count":0,"href":"https:\/\/www.europesays.com\/se\/wp-json\/wp\/v2\/posts\/56260\/revisions"}],"wp:featuredmedia":[{"embeddable":true,"href":"https:\/\/www.europesays.com\/se\/wp-json\/wp\/v2\/media\/793"}],"wp:attachment":[{"href":"https:\/\/www.europesays.com\/se\/wp-json\/wp\/v2\/media?parent=56260"}],"wp:term":[{"taxonomy":"category","embeddable":true,"href":"https:\/\/www.europesays.com\/se\/wp-json\/wp\/v2\/categories?post=56260"},{"taxonomy":"post_tag","embeddable":true,"href":"https:\/\/www.europesays.com\/se\/wp-json\/wp\/v2\/tags?post=56260"}],"curies":[{"name":"wp","href":"https:\/\/api.w.org\/{rel}","templated":true}]}}