{"id":56270,"date":"2025-10-15T13:18:12","date_gmt":"2025-10-15T13:18:12","guid":{"rendered":"https:\/\/www.europesays.com\/se\/56270\/"},"modified":"2025-10-15T13:18:12","modified_gmt":"2025-10-15T13:18:12","slug":"herrgard-till-salu-for-11-miljoner-bland-mullsjos-dyraste-jonkopings-posten","status":"publish","type":"post","link":"https:\/\/www.europesays.com\/se\/56270\/","title":{"rendered":"Herrg\u00e5rd till salu f\u00f6r 11 miljoner \u2013 bland Mullsj\u00f6s dyraste \u2013 J\u00f6nk\u00f6pings-Posten"},"content":{"rendered":"<p>Herrg\u00e5rden, med sina 390 kvadratmeter boyta, \u00e4r bel\u00e4gen i natursk\u00f6n milj\u00f6 p\u00e5 Bjurb\u00e4ck Lilla Hallebo i Mullsj\u00f6. Fastigheten omfattar b\u00e5de huvudbyggnad, flera ekonomibyggnader och cirka 18 hektar skogsmark ut\u00f6ver befintlig tr\u00e4dg\u00e5rdstomt. <\/p>\n<p>Boningshuset, med anor fr\u00e5n 1800-talet, var fr\u00e5n b\u00f6rjan ett litet torp som under \u00e5ren har renoverats i flera omg\u00e5ngar. Den senaste utbyggnaden genomf\u00f6rdes 2005 i form av den \u00f6stra flygeln med en relaxavdelning.<\/p>\n<p>Enligt m\u00e4klaren Fredrik Andersson, p\u00e5 Fastighetsbyr\u00e5n, beror f\u00f6rs\u00e4ljningen p\u00e5 att fastigheten \u00e4r f\u00f6r stor f\u00f6r en ensam \u00e4gare att sk\u00f6ta. <\/p>\n<p>\u2013 Nuvarande \u00e4gare har haft herrg\u00e5rden sedan b\u00f6rjan av 1980-talet. Hon b\u00f6rjar komma upp i \u00e5ren och det k\u00e4nns d\u00e4rf\u00f6r r\u00e4tt i tid att l\u00e4mna \u00f6ver huset till n\u00e5gon annan, s\u00e4ger han. <\/p>\n<p>Fredrik Andersson menar att det \u00e4r stor skillnad mellan att s\u00e4lja den h\u00e4r typen av objekt och vanliga bost\u00e4der, b\u00e5de n\u00e4r det g\u00e4ller kundernas f\u00f6rv\u00e4ntningar och s\u00e4ttet f\u00f6rs\u00e4ljningen genomf\u00f6rs p\u00e5.<\/p>\n<p>\u2013 Det kr\u00e4ver en helt annan marknadsf\u00f6ring och man v\u00e4nder sig till kunder i hela riket. Vi har \u00e4ven haft intressenter fr\u00e5n utlandet. Det handlar om att hitta guldkornen i h\u00f6stacken \u2013 de som har den ekonomiska f\u00f6ruts\u00e4ttningen att kunna k\u00f6pa den h\u00e4r typen av objekt. Vi erbjuder bara privatvisningar.<\/p>\n<p>Med ett utg\u00e5ngspris p\u00e5 elva miljoner kronor h\u00f6r bostaden till de mest exklusiva som n\u00e5gonsin funnits p\u00e5 marknaden i omr\u00e5det, enligt m\u00e4klaren. <\/p>\n<p><strong>Vad motiverar prisbilden p\u00e5 det h\u00e4r objektet?<\/strong><\/p>\n<p>\u2013 Det \u00e4r definitivt dess unika karakt\u00e4r, d\u00e4r historisk charm blandas med moderna bekv\u00e4mligheter. Det \u00e4r mycket som sticker ut. Bostaden har vid ett flertal tillf\u00e4llen uppm\u00e4rksammats i olika g\u00e5rdstidningar f\u00f6r sin karakt\u00e4r. <\/p>\n<p><strong>Hur n\u00e4ra \u00e4r ni en aff\u00e4r?<\/strong><\/p>\n<p>\u2013 Det \u00e4r sv\u00e5rt att s\u00e4ga, det \u00e4r s\u00e5 mycket som ska klaffa. Marknaden har ju varit v\u00e4ldigt svajig den senaste tiden och en s\u00e5dan h\u00e4r f\u00f6rs\u00e4ljning kan ta allt fr\u00e5n en vecka till ett \u00e5r. <\/p>\n","protected":false},"excerpt":{"rendered":"Herrg\u00e5rden, med sina 390 kvadratmeter boyta, \u00e4r bel\u00e4gen i natursk\u00f6n milj\u00f6 p\u00e5 Bjurb\u00e4ck Lilla Hallebo i Mullsj\u00f6. Fastigheten&hellip;\n","protected":false},"author":2,"featured_media":56271,"comment_status":"","ping_status":"","sticky":false,"template":"","format":"standard","meta":{"footnotes":""},"categories":[12],"tags":[22,23,26,27,17,21,24,25,28,29,15,16,18,34,31,33,32,30,19,20],"class_list":{"0":"post-56270","1":"post","2":"type-post","3":"status-publish","4":"format-standard","5":"has-post-thumbnail","7":"category-sverige","8":"tag-breaking-news","9":"tag-breakingnews","10":"tag-featured-news","11":"tag-featurednews","12":"tag-headlines","13":"tag-huvudnyheter","14":"tag-latest-news","15":"tag-latestnews","16":"tag-main-news","17":"tag-mainnews","18":"tag-news","19":"tag-nyheter","20":"tag-rubriker","21":"tag-se","22":"tag-svenska","23":"tag-sverige","24":"tag-sweden","25":"tag-swedish","26":"tag-top-stories","27":"tag-topstories"},"share_on_mastodon":{"url":"","error":""},"_links":{"self":[{"href":"https:\/\/www.europesays.com\/se\/wp-json\/wp\/v2\/posts\/56270","targetHints":{"allow":["GET"]}}],"collection":[{"href":"https:\/\/www.europesays.com\/se\/wp-json\/wp\/v2\/posts"}],"about":[{"href":"https:\/\/www.europesays.com\/se\/wp-json\/wp\/v2\/types\/post"}],"author":[{"embeddable":true,"href":"https:\/\/www.europesays.com\/se\/wp-json\/wp\/v2\/users\/2"}],"replies":[{"embeddable":true,"href":"https:\/\/www.europesays.com\/se\/wp-json\/wp\/v2\/comments?post=56270"}],"version-history":[{"count":0,"href":"https:\/\/www.europesays.com\/se\/wp-json\/wp\/v2\/posts\/56270\/revisions"}],"wp:featuredmedia":[{"embeddable":true,"href":"https:\/\/www.europesays.com\/se\/wp-json\/wp\/v2\/media\/56271"}],"wp:attachment":[{"href":"https:\/\/www.europesays.com\/se\/wp-json\/wp\/v2\/media?parent=56270"}],"wp:term":[{"taxonomy":"category","embeddable":true,"href":"https:\/\/www.europesays.com\/se\/wp-json\/wp\/v2\/categories?post=56270"},{"taxonomy":"post_tag","embeddable":true,"href":"https:\/\/www.europesays.com\/se\/wp-json\/wp\/v2\/tags?post=56270"}],"curies":[{"name":"wp","href":"https:\/\/api.w.org\/{rel}","templated":true}]}}