{"id":56311,"date":"2025-10-15T13:57:12","date_gmt":"2025-10-15T13:57:12","guid":{"rendered":"https:\/\/www.europesays.com\/se\/56311\/"},"modified":"2025-10-15T13:57:12","modified_gmt":"2025-10-15T13:57:12","slug":"visum-dras-in-efter-kirk-kommentar","status":"publish","type":"post","link":"https:\/\/www.europesays.com\/se\/56311\/","title":{"rendered":"Visum dras in efter Kirk-kommentar"},"content":{"rendered":"<p>Trumpstyret drar tillbaka visumen f\u00f6r sex personer som enligt amerikanska myndigheter gjort h\u00e5nfulla kommentarer eller bagatelliserat mordet p\u00e5 h\u00f6gerdebatt\u00f6ren Charlie Kirk. <\/p>\n<p>USA:s utrikesdepartement meddelade att man kommit fram till beslutet efter att ha granskat deras inl\u00e4gg och videoklipp p\u00e5 sociala medier om Kirk. <\/p>\n<p>De sex personerna \u00e4r fr\u00e5n Argentina, Brasilien, Tyskland, Mexiko, Paraguay och Sydafrika. <\/p>\n<p>Kirk sk\u00f6ts till d\u00f6ds n\u00e4r han talade vid ett universitet i Utah. <\/p>\n","protected":false},"excerpt":{"rendered":"Trumpstyret drar tillbaka visumen f\u00f6r sex personer som enligt amerikanska myndigheter gjort h\u00e5nfulla kommentarer eller bagatelliserat mordet p\u00e5&hellip;\n","protected":false},"author":2,"featured_media":793,"comment_status":"","ping_status":"","sticky":false,"template":"","format":"standard","meta":{"footnotes":""},"categories":[14],"tags":[22,23,26,27,17,21,24,25,28,29,15,16,18,34,31,33,32,30,19,20,51,52,53,54],"class_list":{"0":"post-56311","1":"post","2":"type-post","3":"status-publish","4":"format-standard","5":"has-post-thumbnail","7":"category-varlden","8":"tag-breaking-news","9":"tag-breakingnews","10":"tag-featured-news","11":"tag-featurednews","12":"tag-headlines","13":"tag-huvudnyheter","14":"tag-latest-news","15":"tag-latestnews","16":"tag-main-news","17":"tag-mainnews","18":"tag-news","19":"tag-nyheter","20":"tag-rubriker","21":"tag-se","22":"tag-svenska","23":"tag-sverige","24":"tag-sweden","25":"tag-swedish","26":"tag-top-stories","27":"tag-topstories","28":"tag-varlden","29":"tag-world","30":"tag-world-news","31":"tag-worldnews"},"share_on_mastodon":{"url":"","error":""},"_links":{"self":[{"href":"https:\/\/www.europesays.com\/se\/wp-json\/wp\/v2\/posts\/56311","targetHints":{"allow":["GET"]}}],"collection":[{"href":"https:\/\/www.europesays.com\/se\/wp-json\/wp\/v2\/posts"}],"about":[{"href":"https:\/\/www.europesays.com\/se\/wp-json\/wp\/v2\/types\/post"}],"author":[{"embeddable":true,"href":"https:\/\/www.europesays.com\/se\/wp-json\/wp\/v2\/users\/2"}],"replies":[{"embeddable":true,"href":"https:\/\/www.europesays.com\/se\/wp-json\/wp\/v2\/comments?post=56311"}],"version-history":[{"count":0,"href":"https:\/\/www.europesays.com\/se\/wp-json\/wp\/v2\/posts\/56311\/revisions"}],"wp:featuredmedia":[{"embeddable":true,"href":"https:\/\/www.europesays.com\/se\/wp-json\/wp\/v2\/media\/793"}],"wp:attachment":[{"href":"https:\/\/www.europesays.com\/se\/wp-json\/wp\/v2\/media?parent=56311"}],"wp:term":[{"taxonomy":"category","embeddable":true,"href":"https:\/\/www.europesays.com\/se\/wp-json\/wp\/v2\/categories?post=56311"},{"taxonomy":"post_tag","embeddable":true,"href":"https:\/\/www.europesays.com\/se\/wp-json\/wp\/v2\/tags?post=56311"}],"curies":[{"name":"wp","href":"https:\/\/api.w.org\/{rel}","templated":true}]}}