{"id":56318,"date":"2025-10-15T14:02:28","date_gmt":"2025-10-15T14:02:28","guid":{"rendered":"https:\/\/www.europesays.com\/se\/56318\/"},"modified":"2025-10-15T14:02:28","modified_gmt":"2025-10-15T14:02:28","slug":"kvallspass-hart-spanda-nerver-i-politisk-actionfilm","status":"publish","type":"post","link":"https:\/\/www.europesays.com\/se\/56318\/","title":{"rendered":"Kv\u00e4llspass \u2013 h\u00e5rt sp\u00e4nda nerver i politisk actionfilm"},"content":{"rendered":"<p class=\"has-preamble-font-size\">En tempofylld film om en sjuksk\u00f6terska under ett kv\u00e4llspass p\u00e5 kirurgen och ett starkt inl\u00e4gg i v\u00e5rddebatten om behovet av mer resurser till h\u00e4lso- och sjukv\u00e5rden. Bioaktuella Kv\u00e4llspass erbjuder b\u00e5de och. Arbetaren har pratat med regiss\u00f6ren och manusf\u00f6rfattaren Petra Volpe.<\/p>\n<p>Fr\u00e5n det \u00f6gonblick d\u00e5 sjuksk\u00f6terskan Floria Lind drar p\u00e5 sig de nyink\u00f6pta gymnastikskorna i kirurgens omkl\u00e4dningsrum inf\u00f6r kv\u00e4llens arbetspass tills hon tar fram sin medhavda sm\u00f6rg\u00e5s i ryggs\u00e4cken i hissen efter avslutat pass \u00e4r hon i st\u00e4ndig r\u00f6relse.<\/p>\n<p>Den atletiska och erfarna sjuksk\u00f6terskan, spelad av tyska stj\u00e4rnsk\u00e5despelerskan Leonie Benesch, k\u00e4nd fr\u00e5n bland annat filmen L\u00e4rarrummet, som Oscarsnominerades f\u00f6r b\u00e4sta internationella l\u00e5ngfilm vid Oscarsgalan 2024, r\u00f6r sig med en fysisk l\u00e4tthet som f\u00e5r insatsen att liknas vid en idrottslig prestation.<\/p>\n<p>\u2013\u00a0Det \u00e4r en actionfilm, s\u00e4ger den schweiziska regiss\u00f6ren Petra Volpe fr\u00e5n sitt hem i New York, och skrattar, n\u00e4r vi ses i ett videosamtal.<\/p>\n<p><img decoding=\"async\" src=\"https:\/\/www.europesays.com\/se\/wp-content\/uploads\/2025\/10\/PetraVolpe_5498rechtefre_NadjaKlier.jpg\" alt=\"\" class=\"wp-image-386511\"\/>Regiss\u00f6ren och manusf\u00f6rfattaren Petra Volpe. Foto: Nadja Klier<\/p>\n<p>F\u00f6r tempot \u00e4r h\u00f6gt. Floria \u00e4r i st\u00e4ndig r\u00f6relse, som i en mycket v\u00e4lregisserad koreografi r\u00f6r hon sig i sjukhuskorridoren mellan patientrummen och till och fr\u00e5n medicinf\u00f6rr\u00e5det. Men inte bara, hon g\u00f6r n\u00e5got hela tiden ocks\u00e5. H\u00e4nderna r\u00f6r sig snabbt och vant. Det \u00e4r en fysisk upplevelse att se filmen och det m\u00e4rks att Leonie Benesch och regiss\u00f6ren Petra Volpe har gjort grundlig research inf\u00f6r rollen.<\/p>\n<p>Realistisk skildring<\/p>\n<p><strong>Petra Volpe<\/strong><br \/>Schweizisk-italienska Petra Volpe gick p\u00e5 filmskola i Tyskland. Hennes film The divine order (2017), en stor succ\u00e9 i hemlandet Schweiz, om kvinnors er\u00f6vrande av r\u00f6str\u00e4tt 1971, var landets Oscarsbidrag. \u00a0<br \/>Hon har vunnit m\u00e5nga priser b\u00e5de i hemlandet Schweiz och internationellt f\u00f6r sina produktioner, som Traumland (2013), om en prostituerad kvinnas julafton, och serien f\u00f6r schweizisk televisionen Frieden (2020) som skildrar efterkrigstiden f\u00f6r tre ungdomar i det neutrala landet, som allt utom ober\u00f6rt av kriget.<br \/>Kv\u00e4llspass ber\u00e4knas ha premi\u00e4r i USA i mars 2026.<br \/>Just nu arbetar Volpe (manus och regi) med Frank &amp; Louis, en film om alzheimer och demens i amerikanska f\u00e4ngelser. Filmen som \u00e4r hennes f\u00f6rsta engelskspr\u00e5kiga och har s\u00e5lts till flera l\u00e4nder efter att ha v\u00e4ckt uppm\u00e4rksamhet i Cannes i somras, planeras ha premi\u00e4r 2026.<br \/>Hon bor och arbetar f\u00f6r n\u00e4rvarande i Berlin och New York.<\/p>\n<p>Lika mycket som en actionfilm \u00e4r resultatet en mycket realistisk skildring av sjuksk\u00f6terskeprofessionen. Med en verklig hj\u00e4lte, som Petra Volpe uttrycker det. Filmens tyska originalltitel \u00e4r just Heldin, Hj\u00e4ltinna.<\/p>\n<p>\u2013\u00a0B\u00e5de jag och Leonie Benesch gick bredvid sjuksk\u00f6terskor p\u00e5 sjukhus och jag gjorde dessutom m\u00e5nga intervjuer med olika sjuksk\u00f6terskor inf\u00f6r att jag skrev manus. Bennesch iakttog noga alla r\u00f6relser och inte minst hur sjuksk\u00f6terskorna pratade med och betedde sig mot patienter, kollegor, anh\u00f6riga. Sedan har vi ocks\u00e5 haft en kvinna med \u00f6ver 25 \u00e5r i yrket som har hj\u00e4lpt oss med detaljer f\u00f6r att g\u00f6ra det s\u00e5 realistiskt som m\u00f6jligt, ber\u00e4ttar hon.<\/p>\n<p>Det \u00e4r kirurgisk precision i inneh\u00e5llet, b\u00e5de handlandet, empatin i de korta dialogerna i m\u00f6tet med anh\u00f6riga och kollegor, men framf\u00f6r allt i relation till patienterna.\u00a0<\/p>\n<p>\u2013\u00a0Jag ville g\u00f6ra en film som fokuserade p\u00e5 professionen, det vill s\u00e4ga sjuksk\u00f6terskeyrket, som s\u00e4llan har st\u00e5tt i fokus i film och media.\u00a0<\/p>\n<p>Men det var inte l\u00e4tt att hitta den perfekta sk\u00e5despelerskan, ber\u00e4ttar Petra Volpe:\u00a0<\/p>\n<p>\u2013 Jag letade l\u00e4nge innan jag v\u00e5gade fr\u00e5ga Leonie, eftersom hon precis hade spelat en l\u00e4rare, men hon var den atletiska person jag letade efter. Jag tror ocks\u00e5 att det var lockande f\u00f6r Leonie att rollen var r\u00f6relse- och handlingsdriven, snarare \u00e4n av psykologisk karakt\u00e4r.<\/p>\n<p>Villkoren saboterar f\u00f6r arbetet<\/p>\n<p>Kv\u00e4llspass skildrar en sjuksk\u00f6terska som gillar sitt arbete och inte har n\u00e5gon egen agenda, inga psykiska, k\u00e4nslom\u00e4ssiga eller etiska problem. Hon vill bara g\u00f6ra sitt jobb.\u00a0<\/p>\n<p>\u2013 Floria \u00e4r motiverad, ung och stark. Trots det klarar hon inte kv\u00e4llspasset.<\/p>\n<p>Detta betraktar regiss\u00f6ren och manusf\u00f6rfattaren Volpe som \u00e4r ett av de stora problem vi har inom v\u00e5rdyrket. M\u00e4nniskor som \u00e4lskar sina jobb, men omst\u00e4ndigheterna \u2013 tidsbristen, personalbristen och de h\u00f6ga krav som st\u00e4lls under varje arbetspass \u2013 g\u00f6r att det inte \u00e4r m\u00f6jligt f\u00f6r dem att genomf\u00f6ra jobbet p\u00e5 ett bra s\u00e4tt.\u00a0<\/p>\n<p><img decoding=\"async\" src=\"https:\/\/www.europesays.com\/se\/wp-content\/uploads\/2025\/10\/kvallspass-0880207-s.jpeg\" alt=\"\" class=\"wp-image-386513\"\/>En h\u00e5rt pressad sjuksk\u00f6terska (Leonie Benesch) i Kv\u00e4llspass. Foto: Folkets bio<\/p>\n<p>\u2013 Mitt m\u00e5l var att de som ser filmen verkligen ska k\u00e4nna vad det inneb\u00e4r n\u00e4r tiden med patienterna inte finns d\u00e4r, n\u00e4r kollegor \u00e4r sjuka och inte ers\u00e4tts.\u00a0<\/p>\n<p>Volpe s\u00e4ger att hon aldrig tidigare har f\u00e5tt s\u00e5 m\u00e5nga reaktioner p\u00e5 en film. Alla sjuksk\u00f6terskor som har skrivit s\u00e4ger att de k\u00e4nner igen sig.<\/p>\n<p>Arbetssituationen som skildras \u00e4r den som resulterar i att m\u00e5nga sjuksk\u00f6terskor l\u00e4mnar yrket i f\u00f6rtid. Det \u00e4r ett problem i Schweiz, i Tyskland liksom i m\u00e5nga andra l\u00e4nder. Statistik i slutet av filmen visar att det \u00e4r ett globalt problem och att bristen p\u00e5 sjuksk\u00f6terskor kommer att vara \u00e4nnu st\u00f6rre i framtiden. Det kostar liv och inneb\u00e4r en global kris. Enligt Petra Volpe har vi en v\u00e4ldigt f\u00f6rvr\u00e4ngd bild av sjuksk\u00f6terskor i samh\u00e4llet.<\/p>\n<p>\t\t\t<a class=\"w-4\/12\" href=\"https:\/\/www.arbetaren.se\/2025\/08\/01\/hot-och-vald-pa-jobbet-vardag-for-manga-kvinnor-han-tog-strypgrepp-pa-mig\/\" title=\"\" rel=\"nofollow noopener\" target=\"_blank\"><\/p>\n<p>\t\t\t\t<img decoding=\"async\" src=\"https:\/\/www.europesays.com\/se\/wp-content\/uploads\/2025\/10\/Frukost-till-hemlosa.jpg\" class=\"attachment-medium size-medium\" alt=\"\"\/><br \/>\n\t\t<\/a><\/p>\n<p>\u2013\u00a0Jag tror inte m\u00e4nniskor har riktigt koll p\u00e5 hur komplext det \u00e4r och vilket stort ansvar sjuksk\u00f6terskor har, s\u00e4ger hon.<\/p>\n<p>Underv\u00e4rderat som \u201dett kvinnojobb\u201d<\/p>\n<p>F\u00f6r det f\u00f6rsta tar vi dem f\u00f6r givna, menar hon, \u201dsom att det \u00e4r helt normalt att de offrar sina liv f\u00f6r oss, som under covid\u201d. F\u00f6r det andra skildras de i stort sett alltid som assistenter till l\u00e4kare, n\u00e4r det i sj\u00e4lva verket \u00e4r de som \u00e4r huvudpersoner p\u00e5 sjukhusavdelningarna, menar Volpe.<\/p>\n<p>\u2013\u00a0Det \u00e4r de som k\u00e4nner till patienterna b\u00e4st eftersom det \u00e4r de som vakar \u00f6ver dem, medan l\u00e4karna tr\u00e4ffar patienterna lite kort varje dag. Det \u00e4r sjuksk\u00f6terskornas uppgift att se och k\u00e4nna vad som h\u00e4nder med patienterna.<\/p>\n<p>Som feminist har Petra Volpe alltid varit intresserad av sociala och politiska teman. Hon menar att synen p\u00e5 sjuksk\u00f6terskor \u00e4r symptomatisk, eftersom det betraktas som ett kvinnojobb.\u00a0<\/p>\n<p>Enligt V\u00e4rldsh\u00e4lsoorganisationen \u00e4r 90 procent av alla sjuksk\u00f6terskor kvinnor. S\u00e5 det \u00e4r, enligt Petra Volpe, ingen slump att det d\u00e4rf\u00f6r \u00e4r ett underv\u00e4rderat, underskattat arbete som inte f\u00e5r den respekt det borde.<\/p>\n<p>\t\t\t<a class=\"w-4\/12\" href=\"https:\/\/www.arbetaren.se\/2024\/06\/04\/applader-och-hurrarop-nar-sjukskoterskona-gick-ut-i-strejk\/\" title=\"\" rel=\"nofollow noopener\" target=\"_blank\"><\/p>\n<p>\t\t\t\t<img decoding=\"async\" src=\"https:\/\/www.europesays.com\/se\/wp-content\/uploads\/2025\/10\/Vardstrejk-Sodersjukhuset.png\" class=\"attachment-medium size-medium\" alt=\"Strax efter klockan 11 p\u00e5 tisdagen l\u00e4mnade de f\u00f6rsta strejkande sjuksk\u00f6terskorna arbetet p\u00e5 S\u00f6dersjukhuset i Stockholm.\"\/><br \/>\n\t\t<\/a><\/p>\n<p>\u2013\u00a0Det finns en tydlig sexistisk aspekt av underl\u00e5tenheten n\u00e4r det kommer till sjuksk\u00f6terskornas arbetssituation. F\u00f6r mig \u00e4r det h\u00e4r en politisk film, s\u00e4ger hon.<\/p>\n<p>\u00c4ven om id\u00e9n till filmen egentligen tog avstamp i det privata.<\/p>\n<p>\u2013\u00a0Jag levde tillsammans med en sjuksk\u00f6terska under m\u00e5nga \u00e5r, och tog dagligen del av hennes ber\u00e4ttelser fr\u00e5n arbetet. Mitt manusskrivande hemma vid datorn framstod s\u00e5 banalt i j\u00e4mf\u00f6relse med hennes arbete med existentiella fr\u00e5gor, fr\u00e5gor om liv och d\u00f6d och att vara s\u00e5rbar \u2013 ja m\u00e4nskliga \u00e4mnen.<\/p>\n<p><img decoding=\"async\" src=\"https:\/\/www.europesays.com\/se\/wp-content\/uploads\/2025\/10\/Kvallspass-petra-volpe-5d6a1288-a-salvatore-vinci.jpg\" alt=\"\" class=\"wp-image-386515\"\/>Petra Volpe. Foto: Salvatore Vinci<\/p>\n<p>Petra Volpe ber\u00e4ttar att hon sedan dess har letat efter en form f\u00f6r att ber\u00e4tta om sjuksk\u00f6terskan. Och n\u00e4r hon l\u00e4ste den tyska sjuksk\u00f6terskan Madeline Calvelages bok V\u00e5r profession \u00e4r inte problemet, det \u00e4r omst\u00e4ndigheterna, i vilken f\u00f6rfattaren beskriver ett skift f\u00f6r en annan sjuksk\u00f6terska, k\u00e4nde hon att det var filmen \u2013 en kvinna, ett skift.<\/p>\n<p>\u2013 Jag ville g\u00f6ra en fysisk upplevelse f\u00f6r tittarna. Det \u00e4r abstrakt n\u00e4r du l\u00e4ser en nyhet om underbemanning i tidningen, men vad inneb\u00e4r det i verkligheten f\u00f6r patienterna p\u00e5 sjukhus, f\u00f6r sjuksk\u00f6terskorna? Biofilm \u00e4r ett bra s\u00e4tt att ber\u00e4tta p\u00e5 eftersom det kan f\u00e5 dig att k\u00e4nna saker p\u00e5 ett annat s\u00e4tt \u00e4n siffror i tidningen.<\/p>\n<p>Under covid klappade folk i h\u00e4nderna och var h\u00f6gst medvetna om hur viktiga sjuksk\u00f6terskorna \u00e4r, snabbt gick alla vidare och \u00e4mnet f\u00f6ll ifr\u00e5n den politiska agendan f\u00f6r politikerna.<\/p>\n<p>\u2013\u00a0H\u00e4lso- och sjukv\u00e5rd ligger alltid l\u00e5ngt ner f\u00f6r politikerna, det finns alltid n\u00e5got viktigare. Men det \u00e4r ocks\u00e5 typiskt att det \u00e4r just den h\u00e4r typen av fr\u00e5gor som r\u00f6r kvinnor och deras arbetsvillkor, som ligger i botten p\u00e5 dagordningen, s\u00e4ger Petra Volpe.\u00a0<\/p>\n<p>Hon ser detta som en verklig kris som p\u00e5verkar alla.\u00a0<\/p>\n<p>\u2013 Vi \u00e4r alla potentiella patienter. Du, jag och alla andra som g\u00e5r omkring kommer f\u00f6rr eller senare att vara beroende av en sjuksk\u00f6terska. Det \u00e4r oftast den f\u00f6rsta och sista personen som r\u00f6r oss i livet.\u00a0<\/p>\n<p>Utbr\u00e4nda efter fyra \u00e5r<\/p>\n<p>\u2013 De \u00e4r utmattade, de \u00e4r tr\u00f6tta och om saker inte f\u00f6r\u00e4ndras kommer \u00e4nnu fler sjuksk\u00f6terskor l\u00e4mna yrket. I Schweiz kan du se att m\u00e5nga utbildade sjuksk\u00f6terskor \u00e4r utbr\u00e4nda redan efter fyra \u00e5r, och l\u00e4mnar yrket. Du kan inte bara l\u00e4gga pengar p\u00e5 att utbilda, du m\u00e5ste g\u00f6ra yrket mer attraktivt, s\u00e4ger Petra Volpe.<\/p>\n<p>Hon \u00e4r inne p\u00e5 att sjuksk\u00f6terskornas kall till yrket och deras empati f\u00f6r patienterna, som g\u00f6r att de inte vill l\u00e4mna dem i sticket \u2013 att l\u00e5ta dem d\u00f6 \u2013 utnyttjas.\u00a0<\/p>\n<p><img decoding=\"async\" src=\"https:\/\/www.europesays.com\/se\/wp-content\/uploads\/2025\/10\/kvallspass-0896645-s.jpg\" alt=\"\" class=\"wp-image-386512\"\/>Kv\u00e4llspass. Foto: Folkets bio<\/p>\n<p>\u2013\u00a0Det \u00e4r ett anv\u00e4ndande och utnyttjande av de kvinnor som s\u00f6ker sig till yrket, och som faktiskt blir k\u00e4nslom\u00e4ssigt utpressade n\u00e4r arbetsgivarna hela tiden kr\u00e4ver mer och mer av dem, s\u00e4ger hon.<\/p>\n<p>Petra Volpe hoppas d\u00e4rf\u00f6r att filmen ska bli en inl\u00e4gg i debatten \u00e4ven i Sverige, som den har blivit i Tyskland och Schweiz d\u00e4r m\u00e5nga sjuksk\u00f6terskor har tagit del av filmen och det har skett visningar b\u00e5de p\u00e5 sjukhus, hos fackf\u00f6reningarna och i parlamentet.<\/p>\n<p>Hon menar att vi alla b\u00f6r st\u00e5 upp f\u00f6r och st\u00f6tta sjuksk\u00f6terskorna i deras kamp f\u00f6r b\u00e4ttre arbetsvillkor. Genom att vara bra patienter och genom att st\u00e5 p\u00e5 deras sida.<\/p>\n<p>\u2013\u00a0Vi b\u00f6r st\u00e4lla oss bakom deras krav, f\u00f6r deras problem \u00e4r del av v\u00e5ra problem.\u00a0<\/p>\n<p>Och s\u00e5 ber\u00e4ttar hon hur Schweiz politiker nyligen gav 65<strong>\u00a0<\/strong>000 schweizerfrancs (omkring 770<strong>\u00a0<\/strong>000 svenska kronor) var till landets alla piloter, eftersom det finns en risk f\u00f6r brist p\u00e5 piloter inom en snar framtid, genom ett enda beslut. Men n\u00e4r det kommer till sjuksk\u00f6terskornas f\u00f6ruts\u00e4ttningar kr\u00e4vdes ett politiskt initiativ som skulle manglas byr\u00e5kratiskt efter covid, och som \u00e4nnu inte hittat sin l\u00f6sning.<\/p>\n<p>Stora demonstrationer planeras<\/p>\n<p>Den 22 november kommer sjuksk\u00f6terskorna i Schweiz att g\u00e5 ut i demonstrationer och det \u00e4r de stora sjuksk\u00f6terskefacken som st\u00e5r bakom. Kraven handlar framf\u00f6r allt om att det beh\u00f6vs mer personal. Fler sjuksk\u00f6terskor i f\u00f6rh\u00e5llande till patienter \u00e4n i dag. L\u00f6nekraven kommer i andra hand.\u00a0<\/p>\n<p>\u2013\u00a0Mer tid med patienterna, det var det f\u00f6rsta sjuksk\u00f6terskorna som jag intervjuade inf\u00f6r filmen sade. \u201dVi k\u00e4nner att vi inte kan g\u00f6ra v\u00e5rt jobb l\u00e4ngre. Vi g\u00e5r inte hem p\u00e5 kv\u00e4llen och k\u00e4nner att vi har gjort ett bra jobb\u201d, sade de. Det \u00e4r sv\u00e5rt att ha s\u00e5 mycket stress och press och ansvar och \u00e4nd\u00e5 inte k\u00e4nna att man gjort tillr\u00e4ckligt n\u00e4r kv\u00e4llen kommer och arbetspasset \u00e4r slut. \u00a0<\/p>\n<p>\u2013 I slut\u00e4nden m\u00e5ste samh\u00e4llet fr\u00e5ga sig vad som \u00e4r viktigast, avslutar Petra Volpe.<\/p>\n<p>\t\t\t<a class=\"w-4\/12\" href=\"https:\/\/www.arbetaren.se\/2025\/01\/24\/temadag-med-solidariska-vardarbetare-rasism-i-varden-dodar\/\" title=\"\" rel=\"nofollow noopener\" target=\"_blank\"><\/p>\n<p>\t\t\t\t<img decoding=\"async\" src=\"https:\/\/www.europesays.com\/se\/wp-content\/uploads\/2025\/10\/Singoalla-Tiroler.jpg\" class=\"attachment-medium size-medium\" alt=\"\"\/><br \/>\n\t\t<\/a><\/p>\n","protected":false},"excerpt":{"rendered":"En tempofylld film om en sjuksk\u00f6terska under ett kv\u00e4llspass p\u00e5 kirurgen och ett starkt inl\u00e4gg i v\u00e5rddebatten om&hellip;\n","protected":false},"author":2,"featured_media":56319,"comment_status":"","ping_status":"","sticky":false,"template":"","format":"standard","meta":{"footnotes":""},"categories":[67],"tags":[104,34,31,33,32,30,105],"class_list":{"0":"post-56318","1":"post","2":"type-post","3":"status-publish","4":"format-standard","5":"has-post-thumbnail","7":"category-underhallning","8":"tag-entertainment","9":"tag-se","10":"tag-svenska","11":"tag-sverige","12":"tag-sweden","13":"tag-swedish","14":"tag-underhallning"},"share_on_mastodon":{"url":"","error":""},"_links":{"self":[{"href":"https:\/\/www.europesays.com\/se\/wp-json\/wp\/v2\/posts\/56318","targetHints":{"allow":["GET"]}}],"collection":[{"href":"https:\/\/www.europesays.com\/se\/wp-json\/wp\/v2\/posts"}],"about":[{"href":"https:\/\/www.europesays.com\/se\/wp-json\/wp\/v2\/types\/post"}],"author":[{"embeddable":true,"href":"https:\/\/www.europesays.com\/se\/wp-json\/wp\/v2\/users\/2"}],"replies":[{"embeddable":true,"href":"https:\/\/www.europesays.com\/se\/wp-json\/wp\/v2\/comments?post=56318"}],"version-history":[{"count":0,"href":"https:\/\/www.europesays.com\/se\/wp-json\/wp\/v2\/posts\/56318\/revisions"}],"wp:featuredmedia":[{"embeddable":true,"href":"https:\/\/www.europesays.com\/se\/wp-json\/wp\/v2\/media\/56319"}],"wp:attachment":[{"href":"https:\/\/www.europesays.com\/se\/wp-json\/wp\/v2\/media?parent=56318"}],"wp:term":[{"taxonomy":"category","embeddable":true,"href":"https:\/\/www.europesays.com\/se\/wp-json\/wp\/v2\/categories?post=56318"},{"taxonomy":"post_tag","embeddable":true,"href":"https:\/\/www.europesays.com\/se\/wp-json\/wp\/v2\/tags?post=56318"}],"curies":[{"name":"wp","href":"https:\/\/api.w.org\/{rel}","templated":true}]}}