{"id":56344,"date":"2025-10-15T14:30:12","date_gmt":"2025-10-15T14:30:12","guid":{"rendered":"https:\/\/www.europesays.com\/se\/56344\/"},"modified":"2025-10-15T14:30:12","modified_gmt":"2025-10-15T14:30:12","slug":"olampliga-larare-kops-ut-gar-vidare-till-nya-skolor","status":"publish","type":"post","link":"https:\/\/www.europesays.com\/se\/56344\/","title":{"rendered":"Ol\u00e4mpliga l\u00e4rare k\u00f6ps ut \u2013 g\u00e5r vidare till nya skolor"},"content":{"rendered":"<p>Det handlar om ett av Sveriges st\u00f6rsta sexualbrottsfall n\u00e5gonsin. Idrottsl\u00e4raren Ulf \u00e4r redan d\u00f6md till f\u00e4ngelse f\u00f6r att ha smygfilmat \u00f6ver 100 barn p\u00e5 en prestigeskola i Stockholm. Men polisen har identifierat ytterligare 160 tidigare elever fr\u00e5n Haninge kommun som blivit filmade av honom \u2013 och han \u00e4r nu \u00e5talad p\u00e5 nytt.<\/p>\n<p>Uppdrag granskning och SVT Nyheter har granskat fallet och kan avsl\u00f6ja bristerna i systemet som gjorde att Ulf kunde forts\u00e4tta \u00e5r efter \u00e5r.<\/p>\n<p>Fallet med idrottsl\u00e4raren Ulf \u00e4r inte unikt.<\/p>\n<p><a href=\"https:\/\/www.svtplay.se\/video\/86dY9ww\/uppdrag-granskning\/duschvakten\" rel=\"nofollow noopener\" target=\"_blank\">Se dokument\u00e4ren \u201dDuschvakten\u201d p\u00e5 SVT Play.<\/a><\/p>\n<p>Kartl\u00e4ggning: Utk\u00f6pt skolpersonal<\/p>\n<p>Vi har hittat \u00f6ver 50 skolanst\u00e4llda som de senaste tio \u00e5ren har blivit utk\u00f6pta i samband med anklagelser om kontakt med barn av sexuell karakt\u00e4r. Det handlar om allt ifr\u00e5n misst\u00e4nkta v\u00e5ldt\u00e4kter, sexuella ofredanden och barnpornografibrott till ol\u00e4mpliga kontakter med elever utanf\u00f6r skoltid.<\/p>\n<p>I vart fj\u00e4rde fall har de g\u00e5tt vidare till nya skolor efter utk\u00f6pet.<\/p>\n<p>\u2022 En l\u00e4rare, som d\u00e5 \u00e4r i 40-\u00e5rs\u00e5ldern, anklagas f\u00f6r sexuella \u00f6vergrepp mot en nio\u00e5rig elev. Han blir utk\u00f6pt och g\u00e5r vidare till en skola i en annan kommun. D\u00e4r k\u00f6ps han ut igen innan han till slut d\u00f6ms f\u00f6r 21 grova \u00f6vergrepp mot nio\u00e5ringen.<\/p>\n<p>\u2022 En l\u00e4rare i 50-\u00e5rs\u00e5ldern skickar \u00f6ver 160 meddelanden till en 11-\u00e5rig elev och hans skolkamrater. Bland annat p\u00e5 sina nakna ben. L\u00e4raren k\u00f6ps ut f\u00f6r n\u00e4rmare 700\u00a0000 kronor och varnas i L\u00e4rarnas ansvarsn\u00e4mnd \u2013 trots det jobbar hon p\u00e5 en skola i en annan kommun i dag. Rektorn p\u00e5 den nuvarande skolan uppger att han inte k\u00e4nde till varningen. \u201dHade vi vetat det innan hade l\u00e4raren inte anst\u00e4llts\u201d, s\u00e4ger rektorn.<\/p>\n<p>\u2022 En l\u00e4rare i 60-\u00e5rs\u00e5ldern d\u00f6ms f\u00f6r barnpornografibrott och f\u00f6rlorar sin l\u00e4rarlegitimation. Innan dess har mannen jobbat i flera kommuner d\u00e4r han anklagas f\u00f6r att ha varit n\u00e4rg\u00e5ngen mot elever. Tre kommuner v\u00e4ljer att k\u00f6pa ut honom f\u00f6r totalt \u00f6ver tv\u00e5 miljoner kronor.<\/p>\n","protected":false},"excerpt":{"rendered":"Det handlar om ett av Sveriges st\u00f6rsta sexualbrottsfall n\u00e5gonsin. Idrottsl\u00e4raren Ulf \u00e4r redan d\u00f6md till f\u00e4ngelse f\u00f6r att&hellip;\n","protected":false},"author":2,"featured_media":56345,"comment_status":"","ping_status":"","sticky":false,"template":"","format":"standard","meta":{"footnotes":""},"categories":[12],"tags":[22,23,26,27,17,21,24,25,28,29,15,16,18,34,31,33,32,30,19,20],"class_list":{"0":"post-56344","1":"post","2":"type-post","3":"status-publish","4":"format-standard","5":"has-post-thumbnail","7":"category-sverige","8":"tag-breaking-news","9":"tag-breakingnews","10":"tag-featured-news","11":"tag-featurednews","12":"tag-headlines","13":"tag-huvudnyheter","14":"tag-latest-news","15":"tag-latestnews","16":"tag-main-news","17":"tag-mainnews","18":"tag-news","19":"tag-nyheter","20":"tag-rubriker","21":"tag-se","22":"tag-svenska","23":"tag-sverige","24":"tag-sweden","25":"tag-swedish","26":"tag-top-stories","27":"tag-topstories"},"share_on_mastodon":{"url":"","error":""},"_links":{"self":[{"href":"https:\/\/www.europesays.com\/se\/wp-json\/wp\/v2\/posts\/56344","targetHints":{"allow":["GET"]}}],"collection":[{"href":"https:\/\/www.europesays.com\/se\/wp-json\/wp\/v2\/posts"}],"about":[{"href":"https:\/\/www.europesays.com\/se\/wp-json\/wp\/v2\/types\/post"}],"author":[{"embeddable":true,"href":"https:\/\/www.europesays.com\/se\/wp-json\/wp\/v2\/users\/2"}],"replies":[{"embeddable":true,"href":"https:\/\/www.europesays.com\/se\/wp-json\/wp\/v2\/comments?post=56344"}],"version-history":[{"count":0,"href":"https:\/\/www.europesays.com\/se\/wp-json\/wp\/v2\/posts\/56344\/revisions"}],"wp:featuredmedia":[{"embeddable":true,"href":"https:\/\/www.europesays.com\/se\/wp-json\/wp\/v2\/media\/56345"}],"wp:attachment":[{"href":"https:\/\/www.europesays.com\/se\/wp-json\/wp\/v2\/media?parent=56344"}],"wp:term":[{"taxonomy":"category","embeddable":true,"href":"https:\/\/www.europesays.com\/se\/wp-json\/wp\/v2\/categories?post=56344"},{"taxonomy":"post_tag","embeddable":true,"href":"https:\/\/www.europesays.com\/se\/wp-json\/wp\/v2\/tags?post=56344"}],"curies":[{"name":"wp","href":"https:\/\/api.w.org\/{rel}","templated":true}]}}