{"id":56380,"date":"2025-10-15T15:43:19","date_gmt":"2025-10-15T15:43:19","guid":{"rendered":"https:\/\/www.europesays.com\/se\/56380\/"},"modified":"2025-10-15T15:43:19","modified_gmt":"2025-10-15T15:43:19","slug":"greta-det-var-han-hardhant-behandling-och-allt-filmades","status":"publish","type":"post","link":"https:\/\/www.europesays.com\/se\/56380\/","title":{"rendered":"Greta: &#8221;Det var h\u00e5n, h\u00e5rdh\u00e4nt behandling och allt filmades&#8221;"},"content":{"rendered":"<p class=\"has-medium-font-size\">Greta Thunberg ber\u00e4ttar i en en stor intervju i\u00a0<a href=\"https:\/\/www.aftonbladet.se\/nyheter\/a\/0VM0qo\/greta-thunberg-berattar-om-skrackdygnen-i-israeliskt-fangelse\" rel=\"nofollow noopener\" target=\"_blank\">Aftonbladet<\/a>\u00a0att hon utsattes f\u00f6r misshandel och f\u00f6rnedrande behandling i Israelisk f\u00e5ngenskap.<br \/>Hon ber\u00e4ttar i intervjun om hur hon fick motta sparkar och f\u00f6rol\u00e4mpningar, hur hon och de andra tillf\u00e5ngatagna aktivisterna nekades mat och dryck och f\u00f6rhindrades att sova. Hon ber\u00e4ttar \u00e4ven om hur hon blev bem\u00f6tt av UD:s personal som bes\u00f6kte henne i f\u00e4ngelset, och kritiserar regeringens passivitet.<\/p>\n<p>Aktuellt|Erik Edlund<\/p>\n<p>\u00a0Greta ber\u00e4ttar ocks\u00e5 om hur hon en nylig natt fick h\u00e4nderna bundna med buntband, f\u00f6rs\u00e5gs med \u00f6gonbindel och l\u00e5stes in i en liten cell i en bil tillsammans med andra aktivister.<\/p>\n<p>\u2014 Det var h\u00e5n, h\u00e5rdh\u00e4nt hantering och allt filmades.<\/p>\n<p>En del av de frihetsber\u00f6vade flotilla-deltagarna hade olika mediciner som de beh\u00f6vde ta regelbundet. Hj\u00e4rtmediciner, cancermediciner, insulin. Greta Thunberg ber\u00e4ttar f\u00f6r Aftonbladets reporter om hur de israeliska soldaterna demonstrativt sl\u00e4ngde medicinerna i en soptunna framf\u00f6r deras \u00f6gon.<\/p>\n<p>I f\u00e4ngelset flyttades hon runt mellan olika celler. I en cell p\u00e5 kanske 13 kvadratmeter fick hon tr\u00e4ngas med 15 andra. De fick knappt n\u00e5gon mat och inget rent vatten, ber\u00e4ttar Greta Thunberg i intervjun.<\/p>\n<p>\u2014 Det var s\u00e5 varmt, typ 40 grader. Vi bad hela tiden: Kan vi f\u00e5 vatten? Kan vi f\u00e5 vatten? Till slut skrek man.<\/p>\n<p>Greta Thunberg ber\u00e4ttar i intervjun att vakterna gick utanf\u00f6r gallren, skrattade och h\u00e5nfullt h\u00f6ll upp sina vattenflaskor framf\u00f6r dem innan de demonstrativt sl\u00e4ngde flaskorna med vatten i soptunnor utanf\u00f6r cellen.<\/p>\n<p>De svenska aktivisterna fick tr\u00e4ffa personal fr\u00e5n den svenska ambassaden i Tel Aviv. De ber\u00e4ttade d\u00e5 om behandlingen de utsatts f\u00f6r, och visade upp sina fysiska skador f\u00f6r ambassadpersonalen.<\/p>\n<p>\u2014 De gjorde ingenting utan sade bara: \u201dV\u00e5rt jobb \u00e4r att lyssna p\u00e5 er. Vi finns h\u00e4r och ni har r\u00e4tt till konsul\u00e4rt st\u00f6d\u201d.<\/p>\n<p>Vid f\u00f6rsta m\u00f6tet bad de ambassadpersonalen att ta med vatten till n\u00e4sta m\u00f6te. Men vid det f\u00f6ljande m\u00f6tet hade de bara en egen liten flaska som var till h\u00e4lften urdrucken. Greta Thunberg ber\u00e4ttar att den mest uttorkade svenska aktivisten fick den.<\/p>\n<p>I samband med de f\u00f6rsta uppgifterna om att aktivisterna utsatts f\u00f6r f\u00f6rnedrande och tortyrliknande behandling skickade Internationalen flera fr\u00e5gor i ett mejl till Utrikesdepartementet. UD har fortfarande inte svarat.<\/p>\n<p>Efter fem dagar i f\u00e5ngenskap f\u00e5r de svenska aktivisterna \u00e4ntligen l\u00e4mna det israeliska f\u00e4ngelset i Negev\u00f6knen mellan Israel och Egypten. Samma dag uttalar sig Ulf Kristersson om att det var \u201dv\u00e4ldigt dumt\u201d att segla mot Gaza, trots UD:s avr\u00e5dan.<\/p>\n","protected":false},"excerpt":{"rendered":"Greta Thunberg ber\u00e4ttar i en en stor intervju i\u00a0Aftonbladet\u00a0att hon utsattes f\u00f6r misshandel och f\u00f6rnedrande behandling i Israelisk&hellip;\n","protected":false},"author":2,"featured_media":56381,"comment_status":"","ping_status":"","sticky":false,"template":"","format":"standard","meta":{"footnotes":""},"categories":[5],"tags":[22,23,26,27,17,21,24,25,28,29,15,16,5262,18,34,31,33,32,30,19,20],"class_list":{"0":"post-56380","1":"post","2":"type-post","3":"status-publish","4":"format-standard","5":"has-post-thumbnail","7":"category-rubriker","8":"tag-breaking-news","9":"tag-breakingnews","10":"tag-featured-news","11":"tag-featurednews","12":"tag-headlines","13":"tag-huvudnyheter","14":"tag-latest-news","15":"tag-latestnews","16":"tag-main-news","17":"tag-mainnews","18":"tag-news","19":"tag-nyheter","20":"tag-offentlig","21":"tag-rubriker","22":"tag-se","23":"tag-svenska","24":"tag-sverige","25":"tag-sweden","26":"tag-swedish","27":"tag-top-stories","28":"tag-topstories"},"share_on_mastodon":{"url":"","error":""},"_links":{"self":[{"href":"https:\/\/www.europesays.com\/se\/wp-json\/wp\/v2\/posts\/56380","targetHints":{"allow":["GET"]}}],"collection":[{"href":"https:\/\/www.europesays.com\/se\/wp-json\/wp\/v2\/posts"}],"about":[{"href":"https:\/\/www.europesays.com\/se\/wp-json\/wp\/v2\/types\/post"}],"author":[{"embeddable":true,"href":"https:\/\/www.europesays.com\/se\/wp-json\/wp\/v2\/users\/2"}],"replies":[{"embeddable":true,"href":"https:\/\/www.europesays.com\/se\/wp-json\/wp\/v2\/comments?post=56380"}],"version-history":[{"count":0,"href":"https:\/\/www.europesays.com\/se\/wp-json\/wp\/v2\/posts\/56380\/revisions"}],"wp:featuredmedia":[{"embeddable":true,"href":"https:\/\/www.europesays.com\/se\/wp-json\/wp\/v2\/media\/56381"}],"wp:attachment":[{"href":"https:\/\/www.europesays.com\/se\/wp-json\/wp\/v2\/media?parent=56380"}],"wp:term":[{"taxonomy":"category","embeddable":true,"href":"https:\/\/www.europesays.com\/se\/wp-json\/wp\/v2\/categories?post=56380"},{"taxonomy":"post_tag","embeddable":true,"href":"https:\/\/www.europesays.com\/se\/wp-json\/wp\/v2\/tags?post=56380"}],"curies":[{"name":"wp","href":"https:\/\/api.w.org\/{rel}","templated":true}]}}