{"id":56386,"date":"2025-10-15T15:49:07","date_gmt":"2025-10-15T15:49:07","guid":{"rendered":"https:\/\/www.europesays.com\/se\/56386\/"},"modified":"2025-10-15T15:49:07","modified_gmt":"2025-10-15T15:49:07","slug":"hegseth-lovar-fred-genom-styrka-i-ukraina-vasterbottens-kuriren","status":"publish","type":"post","link":"https:\/\/www.europesays.com\/se\/56386\/","title":{"rendered":"Hegseth lovar fred genom styrka i Ukraina &#8211; V\u00e4sterbottens-Kuriren"},"content":{"rendered":"<ol>\n<li><a href=\"https:\/\/news.google.com\/rss\/articles\/CBMiggFBVV95cUxNdzg2YkZySFhsb29tbE1rLU5OakVRazFMQ0tIUGZIeVh0UEJJbEVsbDJmNWhmM1MtZ1JpWGczV2Mtc1F2QjJDR2hVcWVEUF8zQWMwOUpMU0VDV0ZOVFdoMmtTMTZ3RHZfaG9LVXVZZjRveENRMU1jWlJsOHBFM3dPakJB?oc=5\" target=\"_blank\" rel=\"nofollow noopener\">Hegseth lovar fred genom styrka i Ukraina<\/a>&nbsp;&nbsp;V\u00e4sterbottens-Kuriren<\/li>\n<li><a href=\"https:\/\/news.google.com\/rss\/articles\/CBMiigFBVV95cUxQNnNyM3J0XzNRbGdQd1VpUVFZWFV4VDNBVFZZVDI0VE8tS1ZFZk5xWnZxVXBFMGxYWkNFUlZ4WXlicHM2QnVlVkZyekRvd2NuWmFmM0NHaUN3dm91bDliOFdWUEEzdEtRbWd5V3podVAxcXA4RjlFU2RrS3JKd1BxV1RPMW1rR3M5TlE?oc=5\" target=\"_blank\" rel=\"nofollow noopener\">Hegseth: Trump kommer f\u00e5 slut p\u00e5 kriget i Ukraina<\/a>&nbsp;&nbsp;Aftonbladet<\/li>\n<li><a href=\"https:\/\/news.google.com\/rss\/articles\/CBMifEFVX3lxTE40LWdQRWdfeUYtZk5Uc01uMWlxZ2FYMzkxNnlrQmtpMHZvVkVXU0lDMk9PNFc0c1VwV2VuVUxYVnhKSjFkaG1OZ1o1al9DcWdMemlFbTNweWllVmE1RVU3Q1BjMmc2ZW5NclQ0RW0ybzRqVDlZUHQyUVFqaHk?oc=5\" target=\"_blank\" rel=\"nofollow noopener\">Jonson om Ukraina: Fler m\u00e5ste g\u00f6ra mer<\/a>&nbsp;&nbsp;SvD<\/li>\n<li><a href=\"https:\/\/news.google.com\/rss\/articles\/CBMilwFBVV95cUxQS05VQVZ4ckYtODJZV3dpdXJRWkhhZGhpNGJodlV6Mk1MQUlUSE8zeWIzVVlDUzF5WEw5WTY3eEFudmtNR3JNN0R3c3kyamZDT3JGMkpYRG1aTzNhUVp6OTA5Q0dUa0NPazZ3WkxULVVpNnZJZlJ4NTR2R1l3dGE2THhPWk9jU25iWWd3QlJiNXpRWTdWQTlN?oc=5\" target=\"_blank\" rel=\"nofollow noopener\">Hegseths l\u00f6fte: \u201dFred genom styrka\u201d i Ukraina<\/a>&nbsp;&nbsp;Expressen<\/li>\n<li><a href=\"https:\/\/news.google.com\/rss\/articles\/CBMilwFBVV95cUxQN3pkU0lmX2pEMWZyM2RNcWtmZWM2dWxtWHFpNXJHXzRWb3Z1dEh5NHB3NWR5UENKUjNDVzRmT2ViTHR5Qkp1UFFmanNwMW5mTjZ2bVA5d293Q1hiQXVNU3NKNGV3bVJYdWtUTmhvaHRYdXFHVW9DWnlWSEpSZS1lX3plbUUyRHFHejM0SmlmT0RuZjBBX2U0?oc=5\" target=\"_blank\" rel=\"nofollow noopener\">Ukrainska demonstranter utanf\u00f6r Nato: \u201dDet sk\u00e4r i hj\u00e4rtat\u201d<\/a>&nbsp;&nbsp;Sveriges Radio<\/li>\n<\/ol>\n","protected":false},"excerpt":{"rendered":"Hegseth lovar fred genom styrka i Ukraina&nbsp;&nbsp;V\u00e4sterbottens-Kuriren Hegseth: Trump kommer f\u00e5 slut p\u00e5 kriget i Ukraina&nbsp;&nbsp;Aftonbladet Jonson om&hellip;\n","protected":false},"author":2,"featured_media":56387,"comment_status":"","ping_status":"","sticky":false,"template":"","format":"standard","meta":{"footnotes":""},"categories":[14],"tags":[22,23,26,27,17,21,24,25,28,29,15,16,18,34,31,33,32,30,19,20,51,52,53,54],"class_list":{"0":"post-56386","1":"post","2":"type-post","3":"status-publish","4":"format-standard","5":"has-post-thumbnail","7":"category-varlden","8":"tag-breaking-news","9":"tag-breakingnews","10":"tag-featured-news","11":"tag-featurednews","12":"tag-headlines","13":"tag-huvudnyheter","14":"tag-latest-news","15":"tag-latestnews","16":"tag-main-news","17":"tag-mainnews","18":"tag-news","19":"tag-nyheter","20":"tag-rubriker","21":"tag-se","22":"tag-svenska","23":"tag-sverige","24":"tag-sweden","25":"tag-swedish","26":"tag-top-stories","27":"tag-topstories","28":"tag-varlden","29":"tag-world","30":"tag-world-news","31":"tag-worldnews"},"share_on_mastodon":{"url":"","error":""},"_links":{"self":[{"href":"https:\/\/www.europesays.com\/se\/wp-json\/wp\/v2\/posts\/56386","targetHints":{"allow":["GET"]}}],"collection":[{"href":"https:\/\/www.europesays.com\/se\/wp-json\/wp\/v2\/posts"}],"about":[{"href":"https:\/\/www.europesays.com\/se\/wp-json\/wp\/v2\/types\/post"}],"author":[{"embeddable":true,"href":"https:\/\/www.europesays.com\/se\/wp-json\/wp\/v2\/users\/2"}],"replies":[{"embeddable":true,"href":"https:\/\/www.europesays.com\/se\/wp-json\/wp\/v2\/comments?post=56386"}],"version-history":[{"count":0,"href":"https:\/\/www.europesays.com\/se\/wp-json\/wp\/v2\/posts\/56386\/revisions"}],"wp:featuredmedia":[{"embeddable":true,"href":"https:\/\/www.europesays.com\/se\/wp-json\/wp\/v2\/media\/56387"}],"wp:attachment":[{"href":"https:\/\/www.europesays.com\/se\/wp-json\/wp\/v2\/media?parent=56386"}],"wp:term":[{"taxonomy":"category","embeddable":true,"href":"https:\/\/www.europesays.com\/se\/wp-json\/wp\/v2\/categories?post=56386"},{"taxonomy":"post_tag","embeddable":true,"href":"https:\/\/www.europesays.com\/se\/wp-json\/wp\/v2\/tags?post=56386"}],"curies":[{"name":"wp","href":"https:\/\/api.w.org\/{rel}","templated":true}]}}