{"id":56390,"date":"2025-10-15T15:54:17","date_gmt":"2025-10-15T15:54:17","guid":{"rendered":"https:\/\/www.europesays.com\/se\/56390\/"},"modified":"2025-10-15T15:54:17","modified_gmt":"2025-10-15T15:54:17","slug":"kim-kardashian-om-kanye-west-tvingades-radda-mig-sjalv","status":"publish","type":"post","link":"https:\/\/www.europesays.com\/se\/56390\/","title":{"rendered":"Kim Kardashian om Kanye West: Tvingades r\u00e4dda mig sj\u00e4lv"},"content":{"rendered":"<p>Ber\u00e4ttar i podcasten \u201dCall her daddy\u201d <\/p>\n<p class=\"boxtextgrotesk-root_baa6 hyperion-css-7pajle\">Uppdaterad 16.17 | Publicerad 15.43<\/p>\n<p>share-arrowDela<\/p>\n<p>unsaveSpara<\/p>\n<p class=\"hyperion-css-1shl3oz\" data-test-tag=\"lead-text\">Kim Kardashian talar ut om \u00e4ktenskapet med Kanye West och vad som fick henne att l\u00e4mna stj\u00e4rnan.<\/p>\n<p class=\"hyperion-css-1shl3oz\" data-test-tag=\"lead-text\">\u2013 Min psykiska h\u00e4lsa p\u00e5verkades, s\u00e4ger hon.<\/p>\n<p><img decoding=\"async\" src=\"https:\/\/www.europesays.com\/se\/wp-content\/uploads\/2025\/10\/c323be85cf10769fd6ff4449b3dbaff0.jpg\" class=\"thumbnail-image_fbfd\" alt=\"Tv-svepet: Tre serietips i h\u00f6stm\u00f6rkret\"\/><\/p>\n<p>Tv-svepet: Tre serietips i h\u00f6stm\u00f6rkret<\/p>\n<p>4:17<\/p>\n<p class=\"hyperion-css-1v9qo5x\">Det \u00e4r i den amerikanska podcasten \u201dCall her daddy\u201d som realityprofilen <a data-test-tag=\"internal-link\" href=\"https:\/\/www.aftonbladet.se\/tagg\/kim-kardashian\" class=\"hyperion-css-15jkft9\" rel=\"nofollow noopener\" target=\"\" theme=\"entertainment\"><strong>Kim Kardashian<\/strong><\/a> lyfter p\u00e5 locket till \u00e4ktenskapet med \u2013 och skilsm\u00e4ssan fr\u00e5n \u2013 den kontroversielle rapstj\u00e4rnan <a data-test-tag=\"internal-link\" href=\"https:\/\/www.aftonbladet.se\/tagg\/kanye-west\" class=\"hyperion-css-15jkft9\" rel=\"nofollow noopener\" target=\"\" theme=\"entertainment\"><strong>Kanye West<\/strong><\/a><strong>.<\/strong><\/p>\n<p>expand-left<\/p>\n<p>helsk\u00e4rm<img decoding=\"async\" class=\"image-asset hyperion-css-u06ts1\" data-test-tag=\"image-asset\" src=\"https:\/\/www.europesays.com\/se\/wp-content\/uploads\/2025\/10\/d7b0ab1a-a7a7-41f1-9a35-23849acb9a93\"  alt=\"Kim Kardashian i \u201dCall her daddy\u201d.\"  loading=\"eager\" fetchpriority=\"high\" style=\"aspect-ratio:1764 \/ 844\"\/>Kim Kardashian i \u201dCall her daddy\u201d. Foto: Youtube<\/p>\n<p class=\"hyperion-css-1v9qo5x\">West har varit \u00f6ppen med att han har en bipol\u00e4r sjukdom, och Kardashian s\u00e4ger att hon f\u00f6rst f\u00f6rs\u00f6kte vara ett st\u00f6d f\u00f6r honom.<\/p>\n<p class=\"hyperion-css-1v9qo5x\">\u2013 Folk s\u00e4ger att tecknen var m\u00e5nga och att jag inte s\u00e5g dem. Men n\u00e4r n\u00e5gon har sitt f\u00f6rsta psykiska sammanbrott vill man vara ett st\u00f6d och finnas d\u00e4r f\u00f6r personen, s\u00e4ger hon i podden.<\/p>\n<p>expand-left<\/p>\n<p>helsk\u00e4rm<img decoding=\"async\" class=\"image-asset hyperion-css-u06ts1\" data-test-tag=\"image-asset\" src=\"https:\/\/www.europesays.com\/se\/wp-content\/uploads\/2025\/10\/a6467e16-08a6-4822-9fc5-a6bdaf863de7\"  alt=\"Kim Kardashian och Kanye Wests skilsm\u00e4ssa gick igenom 2022. Arkivbild.\"  loading=\"eager\" fetchpriority=\"high\" style=\"aspect-ratio:1900 \/ 1358\"\/>Kim Kardashian och Kanye Wests skilsm\u00e4ssa gick igenom 2022. Arkivbild. Foto: Evan Agostini\/AP\/TT<\/p>\n<p class=\"hyperion-css-1v9qo5x\">Enligt Kardashian var West inte villig att g\u00f6ra f\u00f6r\u00e4ndringar som hon ans\u00e5g skulle hj\u00e4lpa honom och att hon inte kunde stanna i en destruktiv relation, fr\u00e4mst f\u00f6r parets fyra barns skull:<\/p>\n<p class=\"hyperion-css-1v9qo5x\">\u2013 N\u00e4r min egen psykiska h\u00e4lsa b\u00f6rjade p\u00e5verkas kunde jag inte vara f\u00f6r\u00e4lder p\u00e5 det s\u00e4tt jag ville. Jag kunde inte vara n\u00e4rvarande och fokuserad och det m\u00e5ste n\u00e5gon av oss vara. Jag var tvungen att r\u00e4dda mig sj\u00e4lv, s\u00e4ger hon.<\/p>\n<p class=\"hyperion-css-1v9qo5x\">Nyligen hade dokument\u00e4ren \u201dIn whose name\u201d biopremi\u00e4r i USA. Den handlar om Wests skandaler med antisemitiska uttalanden, konspirationsteorier och attacker p\u00e5 andra k\u00e4ndisar, liksom tiden d\u00e5 han fick sin bipol\u00e4ra diagnos.<\/p>\n<p class=\"hyperion-css-1v9qo5x\">Kim Kardashian syns n\u00e4rmast i advokatserien \u201dAll\u2019s fair\u201d p\u00e5 Disney+, d\u00e4r hon spelar en av huvudrollerna.<\/p>\n<p><img decoding=\"async\" src=\"https:\/\/www.europesays.com\/se\/wp-content\/uploads\/2025\/08\/9add73646127c36e48c4a927b199b7c2.jpg\" class=\"thumbnail-image_fbfd\" alt=\"58. Robinson, bajspalats och stackars Susanne\"\/><\/p>\n<p>58. Robinson, bajspalats och stackars Susanne<\/p>\n<p>47:13<\/p>\n","protected":false},"excerpt":{"rendered":"Ber\u00e4ttar i podcasten \u201dCall her daddy\u201d Uppdaterad 16.17 | Publicerad 15.43 share-arrowDela unsaveSpara Kim Kardashian talar ut om&hellip;\n","protected":false},"author":2,"featured_media":56391,"comment_status":"","ping_status":"","sticky":false,"template":"","format":"standard","meta":{"footnotes":""},"categories":[67],"tags":[104,34,31,33,32,30,105],"class_list":{"0":"post-56390","1":"post","2":"type-post","3":"status-publish","4":"format-standard","5":"has-post-thumbnail","7":"category-underhallning","8":"tag-entertainment","9":"tag-se","10":"tag-svenska","11":"tag-sverige","12":"tag-sweden","13":"tag-swedish","14":"tag-underhallning"},"share_on_mastodon":{"url":"","error":""},"_links":{"self":[{"href":"https:\/\/www.europesays.com\/se\/wp-json\/wp\/v2\/posts\/56390","targetHints":{"allow":["GET"]}}],"collection":[{"href":"https:\/\/www.europesays.com\/se\/wp-json\/wp\/v2\/posts"}],"about":[{"href":"https:\/\/www.europesays.com\/se\/wp-json\/wp\/v2\/types\/post"}],"author":[{"embeddable":true,"href":"https:\/\/www.europesays.com\/se\/wp-json\/wp\/v2\/users\/2"}],"replies":[{"embeddable":true,"href":"https:\/\/www.europesays.com\/se\/wp-json\/wp\/v2\/comments?post=56390"}],"version-history":[{"count":0,"href":"https:\/\/www.europesays.com\/se\/wp-json\/wp\/v2\/posts\/56390\/revisions"}],"wp:featuredmedia":[{"embeddable":true,"href":"https:\/\/www.europesays.com\/se\/wp-json\/wp\/v2\/media\/56391"}],"wp:attachment":[{"href":"https:\/\/www.europesays.com\/se\/wp-json\/wp\/v2\/media?parent=56390"}],"wp:term":[{"taxonomy":"category","embeddable":true,"href":"https:\/\/www.europesays.com\/se\/wp-json\/wp\/v2\/categories?post=56390"},{"taxonomy":"post_tag","embeddable":true,"href":"https:\/\/www.europesays.com\/se\/wp-json\/wp\/v2\/tags?post=56390"}],"curies":[{"name":"wp","href":"https:\/\/api.w.org\/{rel}","templated":true}]}}