{"id":56392,"date":"2025-10-15T15:56:27","date_gmt":"2025-10-15T15:56:27","guid":{"rendered":"https:\/\/www.europesays.com\/se\/56392\/"},"modified":"2025-10-15T15:56:27","modified_gmt":"2025-10-15T15:56:27","slug":"norsk-budget-detta-blir-det-brak-av","status":"publish","type":"post","link":"https:\/\/www.europesays.com\/se\/56392\/","title":{"rendered":"Norsk budget: &#8221;Detta blir det br\u00e5k av&#8221;"},"content":{"rendered":"<p>Norges finansminister <strong>Jens Stoltenberg<\/strong> (Ap) presenterade p\u00e5 onsdagen landets budget f\u00f6r 2026. De flesta f\u00e5r s\u00e4nkt skatt, men det blir dyrare att k\u00f6ra bil. De st\u00f6rsta vinnarna \u00e4r de som har barn i f\u00f6rskola och p\u00e5 fritids, enligt den norska ekonomisajten <a href=\"https:\/\/e24.no\/norsk-oekonomi\/i\/mPXnK0\/dette-betyr-statsbudsjettet-for-lommeboken-din\" rel=\"nofollow noopener\" target=\"_blank\">E24.no.<\/a> <\/p>\n<p>Landet som styrs av Arbeiderpartiet, motsvarande svenska Socialdemokraterna, kommer ocks\u00e5 att anv\u00e4nda sig av mer pengar \u00e4n n\u00e5gonsin tidigare fr\u00e5n oljefonden f\u00f6r att finansiera budgeten, som inneh\u00e5ller stora satsningar p\u00e5 f\u00f6rsvar och pensioner. \u201cNorgespriserna\u201d p\u00e5 el blir ocks\u00e5 kvar. <\/p>\n<p>Tidigare regeringspartnern g\u00e5r i taket<\/p>\n<p>Budgeten inneh\u00f6ll ocks\u00e5 politiskt spr\u00e4ngstoff \u2013 framf\u00f6r allt slaktas m\u00e5nga av de satsningar som den tidigare regeringspartnern Senterpartiet sett som viktiga. Partiet \u00e4r mot centralisering och brinner f\u00f6r distrikten. I budgeten ska passkontor i regionerna st\u00e4ngas och ers\u00e4ttas med en passbuss, systemet f\u00f6r att avskriva studiel\u00e5n i distrikten kommer att f\u00f6rsvagas och skattesubventionerade f\u00e4rjor kommer att sk\u00e4ras ner.<\/p>\n<p>Sp l\u00e4mnade regeringen i januari efter br\u00e5k om EU:s energidirektiv. Sedan dess har Norge h\u00e5llit val, och Ap kunde forts\u00e4tta i regeringsst\u00e4llning efter en valseger i september. De f\u00f6rberedde en norsk budget innan valet, utan att veta om de skulle sitta kvar vid makten eller vilka de i s\u00e5 fall skulle samarbeta med.<\/p>\n<p>Regeringen beh\u00f6ver dock f\u00e5 med sig flera andra partier f\u00f6r att f\u00e5 igenom budgeten i Stortinget, och Sp g\u00e5r nu i taket efter att deras reformer f\u00f6resl\u00e5s att avskaffas. <\/p>\n<p>\u201cVi beh\u00f6ver g\u00f6ra en ordentlig bed\u00f6mning, eftersom det h\u00e4r \u00e4r systematiska nedsk\u00e4rningar \u00f6ver hela linjen. Det verkar som om de har skapat ett budgetf\u00f6rslag f\u00f6r att n\u00e5 en budgetuppg\u00f6relse med H\u00f8yre\u201d, s\u00e4ger Senterpartiets ordf\u00f6rande, den tidigare finansministern <strong>Trygve Slagsvold Vedum<\/strong>.<\/p>\n<p>H\u00f8yre \u00e4r allts\u00e5 det konservativa partiet i Norge, motsvarande moderaterna.<\/p>\n","protected":false},"excerpt":{"rendered":"Norges finansminister Jens Stoltenberg (Ap) presenterade p\u00e5 onsdagen landets budget f\u00f6r 2026. De flesta f\u00e5r s\u00e4nkt skatt, men&hellip;\n","protected":false},"author":2,"featured_media":56393,"comment_status":"","ping_status":"","sticky":false,"template":"","format":"standard","meta":{"footnotes":""},"categories":[65],"tags":[3008,72,70,71,430,369,34,31,33,32,30],"class_list":{"0":"post-56392","1":"post","2":"type-post","3":"status-publish","4":"format-standard","5":"has-post-thumbnail","7":"category-ekonomi","8":"tag-budget","9":"tag-business","10":"tag-economy","11":"tag-ekonomi","12":"tag-norge","13":"tag-politik","14":"tag-se","15":"tag-svenska","16":"tag-sverige","17":"tag-sweden","18":"tag-swedish"},"share_on_mastodon":{"url":"","error":""},"_links":{"self":[{"href":"https:\/\/www.europesays.com\/se\/wp-json\/wp\/v2\/posts\/56392","targetHints":{"allow":["GET"]}}],"collection":[{"href":"https:\/\/www.europesays.com\/se\/wp-json\/wp\/v2\/posts"}],"about":[{"href":"https:\/\/www.europesays.com\/se\/wp-json\/wp\/v2\/types\/post"}],"author":[{"embeddable":true,"href":"https:\/\/www.europesays.com\/se\/wp-json\/wp\/v2\/users\/2"}],"replies":[{"embeddable":true,"href":"https:\/\/www.europesays.com\/se\/wp-json\/wp\/v2\/comments?post=56392"}],"version-history":[{"count":0,"href":"https:\/\/www.europesays.com\/se\/wp-json\/wp\/v2\/posts\/56392\/revisions"}],"wp:featuredmedia":[{"embeddable":true,"href":"https:\/\/www.europesays.com\/se\/wp-json\/wp\/v2\/media\/56393"}],"wp:attachment":[{"href":"https:\/\/www.europesays.com\/se\/wp-json\/wp\/v2\/media?parent=56392"}],"wp:term":[{"taxonomy":"category","embeddable":true,"href":"https:\/\/www.europesays.com\/se\/wp-json\/wp\/v2\/categories?post=56392"},{"taxonomy":"post_tag","embeddable":true,"href":"https:\/\/www.europesays.com\/se\/wp-json\/wp\/v2\/tags?post=56392"}],"curies":[{"name":"wp","href":"https:\/\/api.w.org\/{rel}","templated":true}]}}