{"id":56395,"date":"2025-10-15T16:03:08","date_gmt":"2025-10-15T16:03:08","guid":{"rendered":"https:\/\/www.europesays.com\/se\/56395\/"},"modified":"2025-10-15T16:03:08","modified_gmt":"2025-10-15T16:03:08","slug":"assassins-creed-chefen-lamnar-i-samband-med-ny-tencent-studio","status":"publish","type":"post","link":"https:\/\/www.europesays.com\/se\/56395\/","title":{"rendered":"Assassin&#8217;s Creed-chefen l\u00e4mnar i samband med ny Tencent-studio"},"content":{"rendered":"<p class=\"bbParagraph\">Marc-Alexis C\u00f4t\u00e9 ledde serien.<\/p>\n<p class=\"bbParagraph\">Marc-Alexis C\u00f4t\u00e9 l\u00e4mnar Ubisoft och Assassin&#8217;s Creed efter 20 \u00e5r, d\u00e4r han under de sista fem \u00e5ren hade den blytunga rollen som &#8221;vice president executive producer&#8221; f\u00f6r hela Assassin&#8217;s Creed-serien. Kort sagt: han hade \u00f6vergripande ansvar och var en kreativ maktfaktor.<\/p>\n<p class=\"bbParagraph\">Hans avsked sker i samband med sj\u00f6s\u00e4ttningen av Vantage Studios som \u00e4gs av b\u00e5de Ubisoft och (till 25 procent) Tencent, och kommer att bli utvecklarhuset f\u00f6r tre av Ubisofts kioskv\u00e4ltare: Assassin&#8217;s Creed, Far Cry och Rainbow Six. Enligt <a class=\"bbLink\" href=\"https:\/\/www.ign.com\/articles\/assassins-creed-franchise-boss-departs-ubisoft\" target=\"_blank\" rel=\"noopener nofollow\">IGN<\/a>, som ska ha tagit del av interna mail, d\u00e4r man understr\u00f6k att ledarskapet p\u00e5 Vantage b\u00f6r &#8221;vara i linje&#8221; med studions k\u00e4rnm\u00e5l.<\/p>\n<p class=\"bbParagraph\">Avskedet bekr\u00e4ftas av talesperson som s\u00e4ger att C\u00f4t\u00e9 l\u00e4mnar Ubisoft helt och h\u00e5llet.<\/p>\n<p class=\"bbParagraph\">Enligt IGN ska C\u00f4t\u00e9 ha tackat nej till en chefsroll. Christophe Derennes, vd (en av tv\u00e5) f\u00f6r Vantage, uttrycker &#8221;besvikelse&#8221; och menar att C\u00f4t\u00e9 hade &#8221;egna f\u00f6rv\u00e4ntningar och prioriteringar&#8221; vad g\u00e4ller det nya dotterbolagets framtid. C\u00f4t\u00e9 har \u00e4nnu inte uttalat sig om avskedet.<\/p>\n<p class=\"bbParagraph\">Under Marc-Alexis C\u00f4t\u00e9 ledning har vi f\u00e5tt Assassin&#8217;s Creed Valhalla, Mirage och \u00e5rsaktuella Shadows. Ubisoft s\u00e4ger att de visserligen \u00e4r ledsna \u00f6ver att f\u00f6re detta Assassin&#8217;s Creed-bossen l\u00e4mnar, men att de \u00e4r s\u00e4kra p\u00e5 att teamet tar den grund han byggt vidare.<\/p>\n<p class=\"bbParagraph\">Kommande spel i serien \u00e4r <a class=\"bbLink\" href=\"https:\/\/www.fz.se\/artikel\/297245\" target=\"_self\" rel=\"nofollow noopener\">Hexe<\/a> och mobilspelet <a class=\"bbLink\" href=\"https:\/\/www.fz.se\/artikel\/294224\" target=\"_self\" rel=\"nofollow noopener\">Jade<\/a>, men det har ocks\u00e5 ryktats friskt om en <a class=\"bbLink\" href=\"https:\/\/www.fz.se\/artikel\/301380\" target=\"_self\" rel=\"nofollow noopener\">Black Flag-remake<\/a>. Dessutom kommer Ubisofts flaggskepp bli <a class=\"bbLink\" href=\"https:\/\/www.fz.se\/artikel\/301067\" target=\"_self\" rel=\"nofollow noopener\">tv-serie p\u00e5 Netflix<\/a>.<\/p>\n","protected":false},"excerpt":{"rendered":"Marc-Alexis C\u00f4t\u00e9 ledde serien. Marc-Alexis C\u00f4t\u00e9 l\u00e4mnar Ubisoft och Assassin&#8217;s Creed efter 20 \u00e5r, d\u00e4r han under de&hellip;\n","protected":false},"author":2,"featured_media":56396,"comment_status":"","ping_status":"","sticky":false,"template":"","format":"standard","meta":{"footnotes":""},"categories":[66],"tags":[80,78,79,34,31,33,32,30,81,84,83,82],"class_list":{"0":"post-56395","1":"post","2":"type-post","3":"status-publish","4":"format-standard","5":"has-post-thumbnail","7":"category-vetenskap-och-teknik","8":"tag-science","9":"tag-science-and-technology","10":"tag-scienceandtechnology","11":"tag-se","12":"tag-svenska","13":"tag-sverige","14":"tag-sweden","15":"tag-swedish","16":"tag-technology","17":"tag-teknik","18":"tag-vetenskap","19":"tag-vetenskapteknik"},"share_on_mastodon":{"url":"","error":""},"_links":{"self":[{"href":"https:\/\/www.europesays.com\/se\/wp-json\/wp\/v2\/posts\/56395","targetHints":{"allow":["GET"]}}],"collection":[{"href":"https:\/\/www.europesays.com\/se\/wp-json\/wp\/v2\/posts"}],"about":[{"href":"https:\/\/www.europesays.com\/se\/wp-json\/wp\/v2\/types\/post"}],"author":[{"embeddable":true,"href":"https:\/\/www.europesays.com\/se\/wp-json\/wp\/v2\/users\/2"}],"replies":[{"embeddable":true,"href":"https:\/\/www.europesays.com\/se\/wp-json\/wp\/v2\/comments?post=56395"}],"version-history":[{"count":0,"href":"https:\/\/www.europesays.com\/se\/wp-json\/wp\/v2\/posts\/56395\/revisions"}],"wp:featuredmedia":[{"embeddable":true,"href":"https:\/\/www.europesays.com\/se\/wp-json\/wp\/v2\/media\/56396"}],"wp:attachment":[{"href":"https:\/\/www.europesays.com\/se\/wp-json\/wp\/v2\/media?parent=56395"}],"wp:term":[{"taxonomy":"category","embeddable":true,"href":"https:\/\/www.europesays.com\/se\/wp-json\/wp\/v2\/categories?post=56395"},{"taxonomy":"post_tag","embeddable":true,"href":"https:\/\/www.europesays.com\/se\/wp-json\/wp\/v2\/tags?post=56395"}],"curies":[{"name":"wp","href":"https:\/\/api.w.org\/{rel}","templated":true}]}}