{"id":56412,"date":"2025-10-15T16:25:15","date_gmt":"2025-10-15T16:25:15","guid":{"rendered":"https:\/\/www.europesays.com\/se\/56412\/"},"modified":"2025-10-15T16:25:15","modified_gmt":"2025-10-15T16:25:15","slug":"fotboll-mikael-lustig-efter-nya-svenska-fiaskot-far-han-inte-sparken-nu","status":"publish","type":"post","link":"https:\/\/www.europesays.com\/se\/56412\/","title":{"rendered":"Fotboll: Mikael Lustig efter nya svenska fiaskot: \u201dF\u00e5r han inte sparken nu&#8230;\u201d"},"content":{"rendered":"<p>H\u00f6r expert Mikael Lustigs analys i spelaren ovan.<\/p>\n<p>Sverige har blivit nollade i tv\u00e5 matcher mot Kosovo. Nu ger Mikael Lustig sin syn p\u00e5 Sveriges mardr\u00f6mskval. <\/p>\n<p>\u2013 Det k\u00e4nns nattsvart, det k\u00e4nns uppgivet. Jag vet inte riktigt vad som kommer h\u00e4nda efter den h\u00e4r matchen. Hur ska vi kunna hitta tillbaka efter det h\u00e4r? Hur ska vi hitta tillbaka till sj\u00e4lvf\u00f6rtroendet? Den enda ljusglimten \u00e4r att vi \u00e4r klara f\u00f6r ett playoff. Men det kommer bli ett tufft playoff, s\u00e4ger han. <\/p>\n<p>Tror du att Jon Dahl Tomasson f\u00e5r g\u00e5?<\/p>\n<p>\u2013 Jag har alltid trott att Tomasson kommer k\u00f6ra kvalet ut och f\u00e5 ett playoff. K\u00e4nslan har varit att det inte kan bli s\u00e5 mycket v\u00e4rre. Nu st\u00e5r jag h\u00e4r efter f\u00f6rlust \u00e5terigen mot Kosovo och k\u00e4nner v\u00e4l lite att f\u00e5r han inte sparken nu s\u00e5 kommer han aldrig f\u00e5 det. D\u00e5 k\u00f6r han nog hela v\u00e4gen ut. Jag skulle nog inte bli j\u00e4ttechockad om jag l\u00e4ste tidningen imorgon och ser att Jon Dahl Tomasson har f\u00e5tt sparken.<\/p>\n","protected":false},"excerpt":{"rendered":"H\u00f6r expert Mikael Lustigs analys i spelaren ovan. Sverige har blivit nollade i tv\u00e5 matcher mot Kosovo. Nu&hellip;\n","protected":false},"author":2,"featured_media":56413,"comment_status":"","ping_status":"","sticky":false,"template":"","format":"standard","meta":{"footnotes":""},"categories":[68],"tags":[34,111,110,31,33,32,30],"class_list":{"0":"post-56412","1":"post","2":"type-post","3":"status-publish","4":"format-standard","5":"has-post-thumbnail","7":"category-sport","8":"tag-se","9":"tag-sport","10":"tag-sports","11":"tag-svenska","12":"tag-sverige","13":"tag-sweden","14":"tag-swedish"},"share_on_mastodon":{"url":"","error":""},"_links":{"self":[{"href":"https:\/\/www.europesays.com\/se\/wp-json\/wp\/v2\/posts\/56412","targetHints":{"allow":["GET"]}}],"collection":[{"href":"https:\/\/www.europesays.com\/se\/wp-json\/wp\/v2\/posts"}],"about":[{"href":"https:\/\/www.europesays.com\/se\/wp-json\/wp\/v2\/types\/post"}],"author":[{"embeddable":true,"href":"https:\/\/www.europesays.com\/se\/wp-json\/wp\/v2\/users\/2"}],"replies":[{"embeddable":true,"href":"https:\/\/www.europesays.com\/se\/wp-json\/wp\/v2\/comments?post=56412"}],"version-history":[{"count":0,"href":"https:\/\/www.europesays.com\/se\/wp-json\/wp\/v2\/posts\/56412\/revisions"}],"wp:featuredmedia":[{"embeddable":true,"href":"https:\/\/www.europesays.com\/se\/wp-json\/wp\/v2\/media\/56413"}],"wp:attachment":[{"href":"https:\/\/www.europesays.com\/se\/wp-json\/wp\/v2\/media?parent=56412"}],"wp:term":[{"taxonomy":"category","embeddable":true,"href":"https:\/\/www.europesays.com\/se\/wp-json\/wp\/v2\/categories?post=56412"},{"taxonomy":"post_tag","embeddable":true,"href":"https:\/\/www.europesays.com\/se\/wp-json\/wp\/v2\/tags?post=56412"}],"curies":[{"name":"wp","href":"https:\/\/api.w.org\/{rel}","templated":true}]}}