{"id":56414,"date":"2025-10-15T16:29:11","date_gmt":"2025-10-15T16:29:11","guid":{"rendered":"https:\/\/www.europesays.com\/se\/56414\/"},"modified":"2025-10-15T16:29:11","modified_gmt":"2025-10-15T16:29:11","slug":"arbetslosheten-fortsatter-sjunka-ljusning-for-unga","status":"publish","type":"post","link":"https:\/\/www.europesays.com\/se\/56414\/","title":{"rendered":"Arbetsl\u00f6sheten forts\u00e4tter sjunka \u2013 ljusning f\u00f6r unga"},"content":{"rendered":"<p class=\"\">I slutet av september var 364 000 personer, motsvarande 6,9 procent av arbetskraften, inskrivna som arbetsl\u00f6sa hos Arbetsf\u00f6rmedlingen. Det \u00e4r en minskning fr\u00e5n 7,0 procent i augusti, men n\u00e5got h\u00f6gre \u00e4n samma m\u00e5nad i fjol d\u00e5 arbetsl\u00f6sheten l\u00e5g p\u00e5 6,8 procent.<\/p>\n<p class=\"\">Under m\u00e5naden varslades 5 057 personer om upps\u00e4gning, att j\u00e4mf\u00f6ra med 7 586 i september 2024.<\/p>\n<p class=\"\">Bland unga mellan 18 och 24 \u00e5r uppgick arbetsl\u00f6sheten till 8,1 procent, ned fr\u00e5n 8,4 procent i fjol.<\/p>\n<p class=\"\">Samtidigt \u00f6kade l\u00e5ngtidsarbetsl\u00f6sheten. Hela 153 845 personer hade varit utan arbete i mer \u00e4n tolv m\u00e5nader, j\u00e4mf\u00f6rt med 144 846 under samma period f\u00f6r ett \u00e5r sen.<\/p>\n<p>\u201dGl\u00e4djande\u201d<\/p>\n<p class=\"\">Arbetsf\u00f6rmedlingen konstaterar att arbetsl\u00f6sheten har minskat tv\u00e5 m\u00e5nader i rad. Arbetsmarknadens utveckling \u00e4r dock fortfarande sv\u00e5rbed\u00f6md.<\/p>\n<p class=\"\">&#8221;Det \u00e4r sj\u00e4lvklart gl\u00e4djande att arbetsl\u00f6sheten minskat tv\u00e5 m\u00e5nader i rad, men j\u00e4mf\u00f6rt med f\u00f6r ett \u00e5r sedan \u00e4r ungef\u00e4r 4.000 fler inskrivna som arbetsl\u00f6sa. Arbetsl\u00f6shetsniv\u00e5n \u00e4r d\u00e4rmed fortfarande h\u00f6g&#8221;, s\u00e4ger Lars Lindvall, Arbetsf\u00f6rmedlingens prognoschef.<\/p>\n<p class=\"\">\u00c4ven antalet inskrivna ungdomar minskar. I slutet av september var antalet l\u00e4gre j\u00e4mf\u00f6rt med samma period ett \u00e5r tillbaka, detta f\u00f6r tredje m\u00e5naden i rad.<\/p>\n<p class=\"\">&#8221;Ungdomar \u00e4r generellt sett en konjunkturk\u00e4nslig grupp och gynnas oftast tidigt i konjunkturf\u00f6rst\u00e4rkningen&#8221;, till\u00e4gger Lars Lindvall.<\/p>\n","protected":false},"excerpt":{"rendered":"I slutet av september var 364 000 personer, motsvarande 6,9 procent av arbetskraften, inskrivna som arbetsl\u00f6sa hos Arbetsf\u00f6rmedlingen.&hellip;\n","protected":false},"author":2,"featured_media":56415,"comment_status":"","ping_status":"","sticky":false,"template":"","format":"standard","meta":{"footnotes":""},"categories":[65],"tags":[72,70,71,34,31,33,32,30],"class_list":{"0":"post-56414","1":"post","2":"type-post","3":"status-publish","4":"format-standard","5":"has-post-thumbnail","7":"category-ekonomi","8":"tag-business","9":"tag-economy","10":"tag-ekonomi","11":"tag-se","12":"tag-svenska","13":"tag-sverige","14":"tag-sweden","15":"tag-swedish"},"share_on_mastodon":{"url":"","error":""},"_links":{"self":[{"href":"https:\/\/www.europesays.com\/se\/wp-json\/wp\/v2\/posts\/56414","targetHints":{"allow":["GET"]}}],"collection":[{"href":"https:\/\/www.europesays.com\/se\/wp-json\/wp\/v2\/posts"}],"about":[{"href":"https:\/\/www.europesays.com\/se\/wp-json\/wp\/v2\/types\/post"}],"author":[{"embeddable":true,"href":"https:\/\/www.europesays.com\/se\/wp-json\/wp\/v2\/users\/2"}],"replies":[{"embeddable":true,"href":"https:\/\/www.europesays.com\/se\/wp-json\/wp\/v2\/comments?post=56414"}],"version-history":[{"count":0,"href":"https:\/\/www.europesays.com\/se\/wp-json\/wp\/v2\/posts\/56414\/revisions"}],"wp:featuredmedia":[{"embeddable":true,"href":"https:\/\/www.europesays.com\/se\/wp-json\/wp\/v2\/media\/56415"}],"wp:attachment":[{"href":"https:\/\/www.europesays.com\/se\/wp-json\/wp\/v2\/media?parent=56414"}],"wp:term":[{"taxonomy":"category","embeddable":true,"href":"https:\/\/www.europesays.com\/se\/wp-json\/wp\/v2\/categories?post=56414"},{"taxonomy":"post_tag","embeddable":true,"href":"https:\/\/www.europesays.com\/se\/wp-json\/wp\/v2\/tags?post=56414"}],"curies":[{"name":"wp","href":"https:\/\/api.w.org\/{rel}","templated":true}]}}