{"id":56416,"date":"2025-10-15T16:31:11","date_gmt":"2025-10-15T16:31:11","guid":{"rendered":"https:\/\/www.europesays.com\/se\/56416\/"},"modified":"2025-10-15T16:31:11","modified_gmt":"2025-10-15T16:31:11","slug":"uppgifter-somalia-stoppade-tvangsutvisningar","status":"publish","type":"post","link":"https:\/\/www.europesays.com\/se\/56416\/","title":{"rendered":"Uppgifter: Somalia stoppade tv\u00e5ngsutvisningar"},"content":{"rendered":"<p class=\"boxtextgrotesk-root_baa6 hyperion-css-7pajle\">Publicerad 2025-10-14 19.53<\/p>\n<p>share-arrowDela<\/p>\n<p>unsaveSpara<\/p>\n<p>expand-left<\/p>\n<p>helsk\u00e4rm<img decoding=\"async\" class=\"image-asset hyperion-css-u06ts1\" data-test-tag=\"image-asset\" src=\"https:\/\/www.europesays.com\/se\/wp-content\/uploads\/2025\/10\/0ef837e3-97f8-4cdc-8f39-1104fddf965d\"  alt=\"De somaliska medborgarna skulle ha utvisats med ett flygplan fr\u00e5n Arlanda flygplats, enligt DN:s uppgifter. Arkivbild.\"  loading=\"eager\" fetchpriority=\"high\" style=\"aspect-ratio:1900 \/ 1267\"\/>De somaliska medborgarna skulle ha utvisats med ett flygplan fr\u00e5n Arlanda flygplats, enligt DN:s uppgifter. Arkivbild. Foto: Anders Wiklund\/TT<\/p>\n<p class=\"hyperion-css-1shl3oz\" data-test-tag=\"lead-text\">En utvisning av minst 20 somaliska medborgare som var planerad att genomf\u00f6ras p\u00e5 tisdagen stoppades i f\u00f6rra veckan av somaliska myndigheter, rapporterar DN med h\u00e4nvisning till k\u00e4llor.<\/p>\n<p class=\"hyperion-css-1v9qo5x\">Anledningen till att utvisningarna stoppades ska ha varit att l\u00e4get bed\u00f6mdes som alltf\u00f6r k\u00e4nsligt, enligt k\u00e4llorna.<\/p>\n<p class=\"hyperion-css-1v9qo5x\">Migrationsminister Johan Forssell (M) skriver i en kommentar till TT: \u201dDet \u00e4r inte ovanligt med kortsiktiga praktiska fr\u00e5getecken som beh\u00f6ver l\u00f6sas ut i denna typer av f\u00f6rfaranden. V\u00e5ra myndigheter har en l\u00f6pande dialog med somaliska myndigheter. Vi utg\u00e5r fr\u00e5n att \u00e5terv\u00e4ndandet till Somalia kommer forts\u00e4tta\u201d, och h\u00e4nvisar i \u00f6vrigt till polisen.<\/p>\n<p class=\"hyperion-css-1v9qo5x\">I b\u00f6rjan av oktober avsl\u00f6jade Ekot att svenskt bist\u00e5nd till Somalia har styrts om till projekt n\u00e4ra den somaliska premi\u00e4rministerns kansli i utbyte mot att Somalia skulle ta tillbaka tv\u00e5ngsutvisade medborgare.<\/p>\n","protected":false},"excerpt":{"rendered":"Publicerad 2025-10-14 19.53 share-arrowDela unsaveSpara expand-left helsk\u00e4rmDe somaliska medborgarna skulle ha utvisats med ett flygplan fr\u00e5n Arlanda flygplats,&hellip;\n","protected":false},"author":2,"featured_media":56417,"comment_status":"","ping_status":"","sticky":false,"template":"","format":"standard","meta":{"footnotes":""},"categories":[12],"tags":[22,23,26,27,17,21,24,25,28,29,15,16,18,34,31,33,32,30,19,20],"class_list":{"0":"post-56416","1":"post","2":"type-post","3":"status-publish","4":"format-standard","5":"has-post-thumbnail","7":"category-sverige","8":"tag-breaking-news","9":"tag-breakingnews","10":"tag-featured-news","11":"tag-featurednews","12":"tag-headlines","13":"tag-huvudnyheter","14":"tag-latest-news","15":"tag-latestnews","16":"tag-main-news","17":"tag-mainnews","18":"tag-news","19":"tag-nyheter","20":"tag-rubriker","21":"tag-se","22":"tag-svenska","23":"tag-sverige","24":"tag-sweden","25":"tag-swedish","26":"tag-top-stories","27":"tag-topstories"},"share_on_mastodon":{"url":"","error":""},"_links":{"self":[{"href":"https:\/\/www.europesays.com\/se\/wp-json\/wp\/v2\/posts\/56416","targetHints":{"allow":["GET"]}}],"collection":[{"href":"https:\/\/www.europesays.com\/se\/wp-json\/wp\/v2\/posts"}],"about":[{"href":"https:\/\/www.europesays.com\/se\/wp-json\/wp\/v2\/types\/post"}],"author":[{"embeddable":true,"href":"https:\/\/www.europesays.com\/se\/wp-json\/wp\/v2\/users\/2"}],"replies":[{"embeddable":true,"href":"https:\/\/www.europesays.com\/se\/wp-json\/wp\/v2\/comments?post=56416"}],"version-history":[{"count":0,"href":"https:\/\/www.europesays.com\/se\/wp-json\/wp\/v2\/posts\/56416\/revisions"}],"wp:featuredmedia":[{"embeddable":true,"href":"https:\/\/www.europesays.com\/se\/wp-json\/wp\/v2\/media\/56417"}],"wp:attachment":[{"href":"https:\/\/www.europesays.com\/se\/wp-json\/wp\/v2\/media?parent=56416"}],"wp:term":[{"taxonomy":"category","embeddable":true,"href":"https:\/\/www.europesays.com\/se\/wp-json\/wp\/v2\/categories?post=56416"},{"taxonomy":"post_tag","embeddable":true,"href":"https:\/\/www.europesays.com\/se\/wp-json\/wp\/v2\/tags?post=56416"}],"curies":[{"name":"wp","href":"https:\/\/api.w.org\/{rel}","templated":true}]}}