{"id":56430,"date":"2025-10-15T17:01:31","date_gmt":"2025-10-15T17:01:31","guid":{"rendered":"https:\/\/www.europesays.com\/se\/56430\/"},"modified":"2025-10-15T17:01:31","modified_gmt":"2025-10-15T17:01:31","slug":"vi-bojkottar-clas-ohlson-stoppa-lonedumpningen-i-insjon-falu-kuriren","status":"publish","type":"post","link":"https:\/\/www.europesays.com\/se\/56430\/","title":{"rendered":"Vi bojkottar Clas Ohlson \u2013 stoppa l\u00f6nedumpningen i Insj\u00f6n \u2013 Falu-Kuriren"},"content":{"rendered":"<p>Lagerarbetarna p\u00e5 Clas Ohlsons centrallager i Insj\u00f6n har st\u00e4llts inf\u00f6r ett tufft krav: acceptera en l\u00f6nes\u00e4nkning p\u00e5 upp till 5000 kronor i m\u00e5naden, eller riskera upps\u00e4gning. <\/p>\n<p>P\u00e5 b\u00f6rsen har aktiekursen \u00f6kat med \u00f6ver 300 procent. Clas Ohlson g\u00f6r rekordvinster, samtidigt sl\u00e5r man undan benen p\u00e5 de som varit med och skapat denna framg\u00e5ngssaga. <\/p>\n<p>Det \u00e4r ett cyniskt s\u00e4tt att behandla de arbetare som varit med och skapat v\u00e4lst\u00e5ndet, p\u00e5 bekostnad av deras levnadsstandard.<\/p>\n<p>Denna strid r\u00f6r inte bara lagerarbetarna i Insj\u00f6n, det \u00e4r en attack mot alla som arbetar. Om f\u00f6retag som g\u00f6r miljardvinster kan behandla sina anst\u00e4llda p\u00e5 detta s\u00e4tt, s\u00e5 \u00e4r det ett angrepp mot hela arbetsmarknaden och LO-kollektivet.<\/p>\n<p>Som fackliga kamrater och solidariska konsumenter kommer vi inte st\u00e5 tysta! <\/p>\n<p>Vi kan inte acceptera n\u00e4r stora bolag anv\u00e4nder sin makt f\u00f6r att dumpa l\u00f6nerna under devisen \u201dkostnadsbesparingar\u201d \u00e4ven om det investeras i lagret.<\/p>\n<p>V\u00e5rt budskap \u00e4r tydligt: vi kommer att bojkotta Clas Ohlson tills de backar fr\u00e5n beslutet om l\u00f6nes\u00e4nkningar i solidaritet med v\u00e5ra kamrater inom Handels, och uppmanar alla v\u00e5ra medlemmar till att v\u00e4lja en annan butik som v\u00e4rnar om sina medarbetares l\u00f6ner och villkor.<\/p>\n<p>Visa att ni v\u00e4rderar er personal s\u00e5 beh\u00e5ller ni oss som kunder!<\/p>\n<p><strong>F\u00f6rtroendevalda deltagare i fackliga kursen Insikter i V\u00e4xj\u00f6<\/strong><\/p>\n<p>Sven Magnusson (IF Metall)<\/p>\n<p>Christian Engstr\u00f6m (Kommunal)<\/p>\n<p>Mikael Karlsson (GS)<\/p>\n<p>Kaj Raving (Handels) <\/p>\n<p>Pia Flystam (GS) <\/p>\n<p>Klas Petersson (Kommunal)<\/p>\n<p> Anette Modin (Kommunal) <\/p>\n<p>Dennis Berg (IF Metall)<\/p>\n<p>Daniel Nicklasson (GS)<\/p>\n<p>Agnieszka Gr\u00f6nblad (GS)<\/p>\n<p>Shpat Zhaveli (GS)<\/p>\n<p>Johan Ryd\u00e9n (IF Metall)<\/p>\n<p>Carina Korpela (GS)<\/p>\n<p>Christopher Hargefeldt (Kommunal) <\/p>\n<p>Karl Str\u00f6m (Kommunal) <\/p>\n<p>Mevlan Rustem (GS)<\/p>\n<p>Carina Sch\u00fctz (IF Metall) <\/p>\n<p>Annelie Suomela (GS) <\/p>\n<p>Per Lindgren (GS) <\/p>\n<p>Martin Bonilla (IF Metall)<\/p>\n<p>Anette Sj\u00f6kvist Hakkarainen (GS) <\/p>\n<p>Bahra Konjevic (GS).<\/p>\n","protected":false},"excerpt":{"rendered":"Lagerarbetarna p\u00e5 Clas Ohlsons centrallager i Insj\u00f6n har st\u00e4llts inf\u00f6r ett tufft krav: acceptera en l\u00f6nes\u00e4nkning p\u00e5 upp&hellip;\n","protected":false},"author":2,"featured_media":56431,"comment_status":"","ping_status":"","sticky":false,"template":"","format":"standard","meta":{"footnotes":""},"categories":[65],"tags":[72,70,71,34,31,33,32,30],"class_list":{"0":"post-56430","1":"post","2":"type-post","3":"status-publish","4":"format-standard","5":"has-post-thumbnail","7":"category-ekonomi","8":"tag-business","9":"tag-economy","10":"tag-ekonomi","11":"tag-se","12":"tag-svenska","13":"tag-sverige","14":"tag-sweden","15":"tag-swedish"},"share_on_mastodon":{"url":"","error":""},"_links":{"self":[{"href":"https:\/\/www.europesays.com\/se\/wp-json\/wp\/v2\/posts\/56430","targetHints":{"allow":["GET"]}}],"collection":[{"href":"https:\/\/www.europesays.com\/se\/wp-json\/wp\/v2\/posts"}],"about":[{"href":"https:\/\/www.europesays.com\/se\/wp-json\/wp\/v2\/types\/post"}],"author":[{"embeddable":true,"href":"https:\/\/www.europesays.com\/se\/wp-json\/wp\/v2\/users\/2"}],"replies":[{"embeddable":true,"href":"https:\/\/www.europesays.com\/se\/wp-json\/wp\/v2\/comments?post=56430"}],"version-history":[{"count":0,"href":"https:\/\/www.europesays.com\/se\/wp-json\/wp\/v2\/posts\/56430\/revisions"}],"wp:featuredmedia":[{"embeddable":true,"href":"https:\/\/www.europesays.com\/se\/wp-json\/wp\/v2\/media\/56431"}],"wp:attachment":[{"href":"https:\/\/www.europesays.com\/se\/wp-json\/wp\/v2\/media?parent=56430"}],"wp:term":[{"taxonomy":"category","embeddable":true,"href":"https:\/\/www.europesays.com\/se\/wp-json\/wp\/v2\/categories?post=56430"},{"taxonomy":"post_tag","embeddable":true,"href":"https:\/\/www.europesays.com\/se\/wp-json\/wp\/v2\/tags?post=56430"}],"curies":[{"name":"wp","href":"https:\/\/api.w.org\/{rel}","templated":true}]}}