{"id":56551,"date":"2025-10-15T21:23:08","date_gmt":"2025-10-15T21:23:08","guid":{"rendered":"https:\/\/www.europesays.com\/se\/56551\/"},"modified":"2025-10-15T21:23:08","modified_gmt":"2025-10-15T21:23:08","slug":"chelsea-studsade-tillbaka-och-vann-kaneryd-malskytt","status":"publish","type":"post","link":"https:\/\/www.europesays.com\/se\/56551\/","title":{"rendered":"Chelsea studsade tillbaka och vann \u2013 Kaneryd m\u00e5lskytt"},"content":{"rendered":"<p>Efter att ov\u00e4ntat ha tappat po\u00e4ng mot nederl\u00e4ndska Twente f\u00f6rra veckan studsade den brittiska storklubben Chelsea tillbaka och besegrade Paris FC med 4\u20130 i Champions League. <\/p>\n<p>Svenska Johanna Rytting Kaneryd gjorde 2\u20130-m\u00e5let i slutet av den f\u00f6rsta halvleken. Storstj\u00e4rnan Alyssa Thompson, klubbens dyraste v\u00e4rvning hittills, fick g\u00f6ra sitt f\u00f6rsta m\u00e5l i den bl\u00e5 tr\u00f6jan i b\u00f6rjan av den andra halvleken. <\/p>\n<p>Rytting Kaneryds svenska lagkompis Nathalie Bj\u00f6rn spelade 90 minuter och fick h\u00e5lla nollan. <\/p>\n<p>Omni \u00e4r politiskt obundna och oberoende. Vi str\u00e4var efter att ge fler perspektiv p\u00e5 nyheterna. Har du fr\u00e5gor eller synpunkter kring v\u00e5r rapportering? <a href=\"https:\/\/omni.se\/chelsea-studsade-tillbaka-och-vann-kaneryd-malskytt\/a\/mailto:redaktion@omni.se\" class=\"ArticleActions_contactLink__W2F1M\" rel=\"nofollow noopener\" target=\"_blank\">Kontakta redaktionen<\/a><\/p>\n","protected":false},"excerpt":{"rendered":"Efter att ov\u00e4ntat ha tappat po\u00e4ng mot nederl\u00e4ndska Twente f\u00f6rra veckan studsade den brittiska storklubben Chelsea tillbaka och&hellip;\n","protected":false},"author":2,"featured_media":56552,"comment_status":"","ping_status":"","sticky":false,"template":"","format":"standard","meta":{"footnotes":""},"categories":[5],"tags":[22,23,5433,26,27,138,17,21,5434,24,25,28,29,5435,15,16,5432,18,34,31,33,32,30,19,20],"class_list":{"0":"post-56551","1":"post","2":"type-post","3":"status-publish","4":"format-standard","5":"has-post-thumbnail","7":"category-rubriker","8":"tag-breaking-news","9":"tag-breakingnews","10":"tag-chelsea-fc","11":"tag-featured-news","12":"tag-featurednews","13":"tag-fotboll","14":"tag-headlines","15":"tag-huvudnyheter","16":"tag-johanna-rytting-kaneryd","17":"tag-latest-news","18":"tag-latestnews","19":"tag-main-news","20":"tag-mainnews","21":"tag-nathalie-bjorn","22":"tag-news","23":"tag-nyheter","24":"tag-paris-fc","25":"tag-rubriker","26":"tag-se","27":"tag-svenska","28":"tag-sverige","29":"tag-sweden","30":"tag-swedish","31":"tag-top-stories","32":"tag-topstories"},"share_on_mastodon":{"url":"","error":""},"_links":{"self":[{"href":"https:\/\/www.europesays.com\/se\/wp-json\/wp\/v2\/posts\/56551","targetHints":{"allow":["GET"]}}],"collection":[{"href":"https:\/\/www.europesays.com\/se\/wp-json\/wp\/v2\/posts"}],"about":[{"href":"https:\/\/www.europesays.com\/se\/wp-json\/wp\/v2\/types\/post"}],"author":[{"embeddable":true,"href":"https:\/\/www.europesays.com\/se\/wp-json\/wp\/v2\/users\/2"}],"replies":[{"embeddable":true,"href":"https:\/\/www.europesays.com\/se\/wp-json\/wp\/v2\/comments?post=56551"}],"version-history":[{"count":0,"href":"https:\/\/www.europesays.com\/se\/wp-json\/wp\/v2\/posts\/56551\/revisions"}],"wp:featuredmedia":[{"embeddable":true,"href":"https:\/\/www.europesays.com\/se\/wp-json\/wp\/v2\/media\/56552"}],"wp:attachment":[{"href":"https:\/\/www.europesays.com\/se\/wp-json\/wp\/v2\/media?parent=56551"}],"wp:term":[{"taxonomy":"category","embeddable":true,"href":"https:\/\/www.europesays.com\/se\/wp-json\/wp\/v2\/categories?post=56551"},{"taxonomy":"post_tag","embeddable":true,"href":"https:\/\/www.europesays.com\/se\/wp-json\/wp\/v2\/tags?post=56551"}],"curies":[{"name":"wp","href":"https:\/\/api.w.org\/{rel}","templated":true}]}}