{"id":56553,"date":"2025-10-15T21:32:05","date_gmt":"2025-10-15T21:32:05","guid":{"rendered":"https:\/\/www.europesays.com\/se\/56553\/"},"modified":"2025-10-15T21:32:05","modified_gmt":"2025-10-15T21:32:05","slug":"donald-trump-ger-gront-ljus-till-cia-operationer-i-venezuela","status":"publish","type":"post","link":"https:\/\/www.europesays.com\/se\/56553\/","title":{"rendered":"Donald Trump ger gr\u00f6nt ljus till CIA-operationer i Venezuela"},"content":{"rendered":"<p>Den amerikanske presidenten har tidigare flaggat f\u00f6r att USA tittar p\u00e5 att ta kampen mot drogerna till land. Nu verkar han g\u00f6ra slag i saken och kommer till\u00e5ta markoperationer av underr\u00e4ttelsetj\u00e4nsten CIA, rapporterar <a href=\"https:\/\/www.nytimes.com\/2025\/10\/15\/us\/politics\/trump-covert-cia-action-venezuela.html\" rel=\"nofollow noopener\" target=\"_blank\">New York Times<\/a>.<\/p>\n<p>Trumpadministrationen ska i hemlighet ha godk\u00e4nt hemliga operationer inne i Venezuela enligt amerikanska tj\u00e4nstem\u00e4n. Allt i ett drag f\u00f6r att \u00f6ka trycket p\u00e5 landets ledare, Nicol\u00e1s Maduro, skriver NYT.<\/p>\n<p>Upptrappning mellan l\u00e4nderna<\/p>\n<p>I veckor har Donald Trump godk\u00e4nt attacker p\u00e5 fartyg och b\u00e5tar utanf\u00f6r Venezuelas kust f\u00f6r att stoppa droginf\u00f6rseln till USA, utan att offentligg\u00f6ra bevis som kan styrka vad som fraktades och vilka som var ombord. <\/p>\n<p>Han har dessutom anklagat Maduro f\u00f6r att vara kopplad till drogkartellerna och tj\u00e4na pengar p\u00e5 handeln. Bel\u00f6ningen f\u00f6r information som kan leda till Maduros gripande h\u00f6jdes nyligen till 50 miljoner dollar.<\/p>\n<p>Maduro \u00e5 sin sida nekar till anklagelserna och ser det som ett f\u00f6rs\u00f6k till ett maktskifte i landet. Han menar ocks\u00e5 att m\u00e4nnen som d\u00f6tt ombord var fiskare och inte kartellmedlemmar. Enligt NYT har d\u00f6dssiffran efter <a href=\"https:\/\/www.svt.se\/nyheter\/utrikes\/trump-ny-attack-mot-narkotikafartyg-fran-venezuela-sex-dodade\" rel=\"nofollow noopener\" target=\"_blank\">attacken i tisdags<\/a> stigit till 27. <\/p>\n<p>F\u00e5r utf\u00f6ra d\u00f6dliga operationer<\/p>\n<p>I nul\u00e4get har USA runt 10\u00a0000 trupper i regionen, med majoriteten i Puerto Rico, och flertalet krigsfartyg och ub\u00e5tar i Karibien. Samtidigt har Venezuela bev\u00e4pnat civila och <a href=\"https:\/\/www.svt.se\/nyheter\/utrikes\/venezuela-mobiliseras-efter-trumps-attacker\" rel=\"nofollow noopener\" target=\"_blank\">mobiliserat inf\u00f6r en amerikansk invasion<\/a>.<\/p>\n<p>Attackerna till havs, som enligt Trump skett p\u00e5 internationellt vatten, kallas av kritiker f\u00f6r \u201dutomr\u00e4ttsliga avr\u00e4ttningar\u201d. Och trots att amerikanska CIA har befogenhet att operera i Latinamerika i samarbete med det aktuella landets styre, s\u00e5 har det inte varit till\u00e5tet att utf\u00f6ra direkta d\u00f6dliga operationer.<\/p>\n<p>Med de nya befogenheterna i Venezuela \u00e4ndras det, men det \u00e4r \u00e4nnu inte k\u00e4nt om CIA planerar en s\u00e5dan operation. <\/p>\n","protected":false},"excerpt":{"rendered":"Den amerikanske presidenten har tidigare flaggat f\u00f6r att USA tittar p\u00e5 att ta kampen mot drogerna till land.&hellip;\n","protected":false},"author":2,"featured_media":56554,"comment_status":"","ping_status":"","sticky":false,"template":"","format":"standard","meta":{"footnotes":""},"categories":[5],"tags":[22,23,26,27,17,21,24,25,28,29,15,16,18,34,31,33,32,30,19,20],"class_list":{"0":"post-56553","1":"post","2":"type-post","3":"status-publish","4":"format-standard","5":"has-post-thumbnail","7":"category-rubriker","8":"tag-breaking-news","9":"tag-breakingnews","10":"tag-featured-news","11":"tag-featurednews","12":"tag-headlines","13":"tag-huvudnyheter","14":"tag-latest-news","15":"tag-latestnews","16":"tag-main-news","17":"tag-mainnews","18":"tag-news","19":"tag-nyheter","20":"tag-rubriker","21":"tag-se","22":"tag-svenska","23":"tag-sverige","24":"tag-sweden","25":"tag-swedish","26":"tag-top-stories","27":"tag-topstories"},"share_on_mastodon":{"url":"","error":""},"_links":{"self":[{"href":"https:\/\/www.europesays.com\/se\/wp-json\/wp\/v2\/posts\/56553","targetHints":{"allow":["GET"]}}],"collection":[{"href":"https:\/\/www.europesays.com\/se\/wp-json\/wp\/v2\/posts"}],"about":[{"href":"https:\/\/www.europesays.com\/se\/wp-json\/wp\/v2\/types\/post"}],"author":[{"embeddable":true,"href":"https:\/\/www.europesays.com\/se\/wp-json\/wp\/v2\/users\/2"}],"replies":[{"embeddable":true,"href":"https:\/\/www.europesays.com\/se\/wp-json\/wp\/v2\/comments?post=56553"}],"version-history":[{"count":0,"href":"https:\/\/www.europesays.com\/se\/wp-json\/wp\/v2\/posts\/56553\/revisions"}],"wp:featuredmedia":[{"embeddable":true,"href":"https:\/\/www.europesays.com\/se\/wp-json\/wp\/v2\/media\/56554"}],"wp:attachment":[{"href":"https:\/\/www.europesays.com\/se\/wp-json\/wp\/v2\/media?parent=56553"}],"wp:term":[{"taxonomy":"category","embeddable":true,"href":"https:\/\/www.europesays.com\/se\/wp-json\/wp\/v2\/categories?post=56553"},{"taxonomy":"post_tag","embeddable":true,"href":"https:\/\/www.europesays.com\/se\/wp-json\/wp\/v2\/tags?post=56553"}],"curies":[{"name":"wp","href":"https:\/\/api.w.org\/{rel}","templated":true}]}}