{"id":56555,"date":"2025-10-15T21:40:09","date_gmt":"2025-10-15T21:40:09","guid":{"rendered":"https:\/\/www.europesays.com\/se\/56555\/"},"modified":"2025-10-15T21:40:09","modified_gmt":"2025-10-15T21:40:09","slug":"forsta-malet-for-rytting-kaneryd-sankte-paris","status":"publish","type":"post","link":"https:\/\/www.europesays.com\/se\/56555\/","title":{"rendered":"F\u00f6rsta m\u00e5let f\u00f6r Rytting Kaneryd \u2013 s\u00e4nkte Paris"},"content":{"rendered":"<p>share-arrowDela<\/p>\n<p>unsaveSpara<\/p>\n<p>expand-left<\/p>\n<p>helsk\u00e4rm<img decoding=\"async\" class=\"image-asset hyperion-css-u06ts1\" data-test-tag=\"image-asset\" src=\"https:\/\/www.europesays.com\/se\/wp-content\/uploads\/2025\/10\/79f6ffbc-e67d-4c45-a821-bc8ffa8394eb\"  alt=\"Chelsea Johanna Rytting Kaneryd jublar efter f\u00f6rsta Champions League-m\u00e5let f\u00f6r London-klubben.\"  loading=\"eager\" fetchpriority=\"high\" style=\"aspect-ratio:1900 \/ 1267\"\/>Chelsea Johanna Rytting Kaneryd jublar efter f\u00f6rsta Champions League-m\u00e5let f\u00f6r London-klubben. Foto: John Walton<\/p>\n<p class=\"hyperion-css-1shl3oz\" data-test-tag=\"lead-text\">Hon har gjort m\u00e5l f\u00f6r Chelsea tidigare \u2013 men aldrig i Champions League.<\/p>\n<p class=\"hyperion-css-1shl3oz\" data-test-tag=\"lead-text\">Mot Paris FC slog Johanna Rytting Kaneryd till.<\/p>\n<p class=\"hyperion-css-1shl3oz\" data-test-tag=\"lead-text\">Stj\u00e4rnan satte 2\u20130 i 4\u20130-segern.<\/p>\n<p class=\"hyperion-css-1v9qo5x\">Tv\u00e5 ligatitlar och en cupseger \u2013 Johanna Rytting Kaneryd har haft en pokalfylld tid i London-klubben Chelsea. M\u00e5l har det ocks\u00e5 blivit f\u00f6r landslagsmittf\u00e4ltare, totalt tio stycken sedan flytten fr\u00e5n damallsvenska H\u00e4cken 2022.<\/p>\n<p class=\"hyperion-css-1v9qo5x\">Hemma mot Paris FC stod dock 28-\u00e5ringen f\u00f6r n\u00e5got nytt.<\/p>\n<p class=\"hyperion-css-1v9qo5x\">Hon gjorde m\u00e5l f\u00f6r Chelsea i en Champions League-match.<\/p>\n<p class=\"hyperion-css-1v9qo5x\">Rytting Kaneryd satte huvudet till p\u00e5 inl\u00e4gget fr\u00e5n Alyssa Thompson och fick sedan se den h\u00f6ga bollbanan segla \u00f6ver Paris FC-m\u00e5lvakten Myl\u00e9ne Chavas.<\/p>\n<p class=\"hyperion-css-1v9qo5x\">Fulltr\u00e4ffen i 39:e minuten gav Chelsea en 2\u20130-ledning.<\/p>\n<p class=\"hyperion-css-1v9qo5x\">Dessf\u00f6rinnan hade Sandy Baltimore satte 1\u20130 p\u00e5 straff \u2013 som kom till efter en VAR-granskning \u2013 och tidigt i andra halvlek gjorde Thompson 3\u20130.<\/p>\n<p class=\"hyperion-css-1v9qo5x\">Chelsea vann till slut med 4\u20130 och tog d\u00e4rmed CL-s\u00e4songens f\u00f6rsta seger, efter att ha inlett med 1\u20131 borta mot Twente.<\/p>\n","protected":false},"excerpt":{"rendered":"share-arrowDela unsaveSpara expand-left helsk\u00e4rmChelsea Johanna Rytting Kaneryd jublar efter f\u00f6rsta Champions League-m\u00e5let f\u00f6r London-klubben. Foto: John Walton Hon&hellip;\n","protected":false},"author":2,"featured_media":56556,"comment_status":"","ping_status":"","sticky":false,"template":"","format":"standard","meta":{"footnotes":""},"categories":[5],"tags":[22,23,26,27,17,21,24,25,28,29,15,16,18,34,31,33,32,30,19,20],"class_list":{"0":"post-56555","1":"post","2":"type-post","3":"status-publish","4":"format-standard","5":"has-post-thumbnail","7":"category-rubriker","8":"tag-breaking-news","9":"tag-breakingnews","10":"tag-featured-news","11":"tag-featurednews","12":"tag-headlines","13":"tag-huvudnyheter","14":"tag-latest-news","15":"tag-latestnews","16":"tag-main-news","17":"tag-mainnews","18":"tag-news","19":"tag-nyheter","20":"tag-rubriker","21":"tag-se","22":"tag-svenska","23":"tag-sverige","24":"tag-sweden","25":"tag-swedish","26":"tag-top-stories","27":"tag-topstories"},"share_on_mastodon":{"url":"","error":""},"_links":{"self":[{"href":"https:\/\/www.europesays.com\/se\/wp-json\/wp\/v2\/posts\/56555","targetHints":{"allow":["GET"]}}],"collection":[{"href":"https:\/\/www.europesays.com\/se\/wp-json\/wp\/v2\/posts"}],"about":[{"href":"https:\/\/www.europesays.com\/se\/wp-json\/wp\/v2\/types\/post"}],"author":[{"embeddable":true,"href":"https:\/\/www.europesays.com\/se\/wp-json\/wp\/v2\/users\/2"}],"replies":[{"embeddable":true,"href":"https:\/\/www.europesays.com\/se\/wp-json\/wp\/v2\/comments?post=56555"}],"version-history":[{"count":0,"href":"https:\/\/www.europesays.com\/se\/wp-json\/wp\/v2\/posts\/56555\/revisions"}],"wp:featuredmedia":[{"embeddable":true,"href":"https:\/\/www.europesays.com\/se\/wp-json\/wp\/v2\/media\/56556"}],"wp:attachment":[{"href":"https:\/\/www.europesays.com\/se\/wp-json\/wp\/v2\/media?parent=56555"}],"wp:term":[{"taxonomy":"category","embeddable":true,"href":"https:\/\/www.europesays.com\/se\/wp-json\/wp\/v2\/categories?post=56555"},{"taxonomy":"post_tag","embeddable":true,"href":"https:\/\/www.europesays.com\/se\/wp-json\/wp\/v2\/tags?post=56555"}],"curies":[{"name":"wp","href":"https:\/\/api.w.org\/{rel}","templated":true}]}}