{"id":56603,"date":"2025-10-15T23:08:15","date_gmt":"2025-10-15T23:08:15","guid":{"rendered":"https:\/\/www.europesays.com\/se\/56603\/"},"modified":"2025-10-15T23:08:15","modified_gmt":"2025-10-15T23:08:15","slug":"kraftigt-minskad-resandeinforseln-av-alkohol","status":"publish","type":"post","link":"https:\/\/www.europesays.com\/se\/56603\/","title":{"rendered":"Kraftigt minskad resandeinf\u00f6rseln av alkohol"},"content":{"rendered":"<p>Svenskarnas inf\u00f6rsel av alkohol fr\u00e5n utlandet har minskat med \u00f6ver 40 procent mellan 2019 och 2024. Det visar f\u00e4rska siffror fr\u00e5n Centralf\u00f6rbundet f\u00f6r alkohol- och narkotikaupplysning, CAN, som kartlagt varifr\u00e5n svenskarna f\u00e5r sin alkohol.<\/p>\n<p><strong>Enligt Bj\u00f6rn Trolldal, forskare<\/strong> p\u00e5 CAN, \u00e4r det fr\u00e4mst f\u00e4rre personer som v\u00e4ljer att ta med sig alkohol hem fr\u00e5n utlandsresor som f\u00f6rklarar nedg\u00e5ngen. Minskningen \u00e4r s\u00e4rskilt tydlig f\u00f6r spritdrycker, men \u00e4ven inf\u00f6rseln av vin och stark\u00f6l har minskat.<\/p>\n<p><strong>\u2013 Anledningen \u00e4r troligen<\/strong> dels att kronan har varit svag, dels det allm\u00e4nna ekonomiska l\u00e4get under senare \u00e5r, s\u00e4ger Bj\u00f6rn Trolldal i ett <a href=\"https:\/\/news.cision.com\/se\/can\/r\/minskad-resandeinforsel-av-alkohol-till-sverige,c4249741\" class=\"external external_icon\" rel=\"nofollow noopener\" target=\"_blank\">pressmeddelande.<\/a><\/p>\n<p><strong>I rapporten <a href=\"https:\/\/www.can.se\/app\/uploads\/2025\/10\/can-rapport-236-alkoholkonsumtionen-i-sverige-2001-2024.pdf\" class=\"external external_icon\" rel=\"nofollow noopener\" target=\"_blank\">Alkoholkonsumtionen i Sverige 2001\u20132024<\/a> <\/strong>redovisas den totala alkoholkonsumtionen i Sverige under 2024, uppdelad p\u00e5 olika k\u00e4llor. Den totala konsumtionen minskade med 2,2\u00a0procent under 2024 j\u00e4mf\u00f6rt med 2023. J\u00e4mf\u00f6rt med 2019 \u00e4r minskningen 6,5 procent.<\/p>\n<p><strong>Systembolaget st\u00e5r f\u00f6r hela 72 procent<\/strong> av den totala konsumtionen, vilket med undantag f\u00f6r pandemi\u00e5ren \u00e4r den h\u00f6gsta andelen sedan m\u00e4tningarna b\u00f6rjade. Restauranger bidrar med 11,3 procent. Resandeinf\u00f6rseln utg\u00f6r nu endast 7,3 procent, en tydlig nedg\u00e5ng j\u00e4mf\u00f6rt med tidigare \u00e5r. Andra k\u00e4llor som folk\u00f6lsf\u00f6rs\u00e4ljning, hemtillverkning, k\u00f6p av smugglad alkohol och internethandel utg\u00f6r tillsammans en mindre del av den totala konsumtionen.<\/p>\n<p><strong>Den stora f\u00f6r\u00e4ndringen skedde<\/strong> i och med pandemin, d\u00e5 ungef\u00e4r 60 procent av resandeinf\u00f6rseln f\u00f6rsvann. Endast en del av den nedg\u00e5ngen har \u00e5terh\u00e4mtats \u00e5ren efter pandemin. Detta g\u00f6r att den oregistrerade alkoholf\u00f6rs\u00e4ljningen, som f\u00f6rutom resandeinf\u00f6rsel inkluderar smuggling, hemtillverkning och internethandel, idag st\u00e5r f\u00f6r lite drygt tio procent av svenskarnas alkoholkonsumtion. F\u00f6r 20 \u00e5r sedan var den andelen n\u00e4stan 40 procent.<\/p>\n<p><strong>Bakom siffrorna ligger CAN:s<\/strong> s\u00e5 kallade Monitorm\u00e4tningar, som har p\u00e5g\u00e5tt sedan \u00e5r 2000. Syftet \u00e4r att ge en helhetsbild av alkoholkonsumtionen i Sverige, b\u00e5de den registrerade och den oregistrerade delen. Den senare f\u00e5ngas upp genom omfattande enk\u00e4t- och telefonunders\u00f6kningar bland svenskar i \u00e5ldern 17\u201384 \u00e5r. Totalt deltar omkring 18\u202f000 personer varje \u00e5r, och sedan starten har \u00f6ver 410\u202f000 personer medverkat.<\/p>\n<p>\u00a0<\/p>\n","protected":false},"excerpt":{"rendered":"Svenskarnas inf\u00f6rsel av alkohol fr\u00e5n utlandet har minskat med \u00f6ver 40 procent mellan 2019 och 2024. Det visar&hellip;\n","protected":false},"author":2,"featured_media":56604,"comment_status":"","ping_status":"","sticky":false,"template":"","format":"standard","meta":{"footnotes":""},"categories":[5],"tags":[22,23,26,27,17,21,24,25,28,29,15,16,18,34,31,33,32,30,19,20],"class_list":{"0":"post-56603","1":"post","2":"type-post","3":"status-publish","4":"format-standard","5":"has-post-thumbnail","7":"category-rubriker","8":"tag-breaking-news","9":"tag-breakingnews","10":"tag-featured-news","11":"tag-featurednews","12":"tag-headlines","13":"tag-huvudnyheter","14":"tag-latest-news","15":"tag-latestnews","16":"tag-main-news","17":"tag-mainnews","18":"tag-news","19":"tag-nyheter","20":"tag-rubriker","21":"tag-se","22":"tag-svenska","23":"tag-sverige","24":"tag-sweden","25":"tag-swedish","26":"tag-top-stories","27":"tag-topstories"},"share_on_mastodon":{"url":"","error":""},"_links":{"self":[{"href":"https:\/\/www.europesays.com\/se\/wp-json\/wp\/v2\/posts\/56603","targetHints":{"allow":["GET"]}}],"collection":[{"href":"https:\/\/www.europesays.com\/se\/wp-json\/wp\/v2\/posts"}],"about":[{"href":"https:\/\/www.europesays.com\/se\/wp-json\/wp\/v2\/types\/post"}],"author":[{"embeddable":true,"href":"https:\/\/www.europesays.com\/se\/wp-json\/wp\/v2\/users\/2"}],"replies":[{"embeddable":true,"href":"https:\/\/www.europesays.com\/se\/wp-json\/wp\/v2\/comments?post=56603"}],"version-history":[{"count":0,"href":"https:\/\/www.europesays.com\/se\/wp-json\/wp\/v2\/posts\/56603\/revisions"}],"wp:featuredmedia":[{"embeddable":true,"href":"https:\/\/www.europesays.com\/se\/wp-json\/wp\/v2\/media\/56604"}],"wp:attachment":[{"href":"https:\/\/www.europesays.com\/se\/wp-json\/wp\/v2\/media?parent=56603"}],"wp:term":[{"taxonomy":"category","embeddable":true,"href":"https:\/\/www.europesays.com\/se\/wp-json\/wp\/v2\/categories?post=56603"},{"taxonomy":"post_tag","embeddable":true,"href":"https:\/\/www.europesays.com\/se\/wp-json\/wp\/v2\/tags?post=56603"}],"curies":[{"name":"wp","href":"https:\/\/api.w.org\/{rel}","templated":true}]}}