{"id":56622,"date":"2025-10-16T01:06:09","date_gmt":"2025-10-16T01:06:09","guid":{"rendered":"https:\/\/www.europesays.com\/se\/56622\/"},"modified":"2025-10-16T01:06:09","modified_gmt":"2025-10-16T01:06:09","slug":"pete-hegseths-plan-tvingades-nodlanda","status":"publish","type":"post","link":"https:\/\/www.europesays.com\/se\/56622\/","title":{"rendered":"Pete Hegseths plan tvingades n\u00f6dlanda"},"content":{"rendered":"<p class=\"boxtextgrotesk-root_baa6 hyperion-css-7pajle\">Publicerad 2025-10-15 20.42<\/p>\n<p>share-arrowDela<\/p>\n<p>unsaveSpara<\/p>\n<p>expand-left<\/p>\n<p>helsk\u00e4rm<img decoding=\"async\" class=\"image-asset hyperion-css-u06ts1\" data-test-tag=\"image-asset\" src=\"https:\/\/www.europesays.com\/se\/wp-content\/uploads\/2025\/10\/6e8e82f8-9c97-4a4f-9337-036d1c0d5c6b\"  alt=\"Pete Hegseth. Bilden \u00e4r tagen 14 oktober.\"  loading=\"eager\" fetchpriority=\"high\" style=\"aspect-ratio:1900 \/ 1267\"\/>Pete Hegseth. Bilden \u00e4r tagen 14 oktober. Foto: Alex Brandon\/AP\/TT<\/p>\n<p class=\"hyperion-css-1shl3oz\" data-test-tag=\"lead-text\">USA:s f\u00f6rsvarsminister Pete Hegseth tvingades n\u00f6dlanda i Storbritannien n\u00e4r planet han f\u00e4rdades i fick en spricka i vindrutan, skriver hans presschef Sean Parnell p\u00e5 X.<\/p>\n<p class=\"hyperion-css-1v9qo5x\">\u201dPlanet landade i enlighet med g\u00e4llande f\u00f6reskrifter och alla ombord, inklusive minister Hegseth, \u00e4r v\u00e4lbeh\u00e5llna\u201d, heter det i inl\u00e4gget av Parnell.<\/p>\n<p class=\"hyperion-css-1v9qo5x\">F\u00f6rsvarsministern var p\u00e5 v\u00e4g hem fr\u00e5n Natom\u00f6tet med sina ministerkollegor i f\u00f6rsvarsalliansen n\u00e4r sprickan i vindrutan uppstod.<\/p>\n","protected":false},"excerpt":{"rendered":"Publicerad 2025-10-15 20.42 share-arrowDela unsaveSpara expand-left helsk\u00e4rmPete Hegseth. Bilden \u00e4r tagen 14 oktober. Foto: Alex Brandon\/AP\/TT USA:s f\u00f6rsvarsminister&hellip;\n","protected":false},"author":2,"featured_media":56623,"comment_status":"","ping_status":"","sticky":false,"template":"","format":"standard","meta":{"footnotes":""},"categories":[14],"tags":[22,23,26,27,17,21,24,25,28,29,15,16,18,34,31,33,32,30,19,20,51,52,53,54],"class_list":{"0":"post-56622","1":"post","2":"type-post","3":"status-publish","4":"format-standard","5":"has-post-thumbnail","7":"category-varlden","8":"tag-breaking-news","9":"tag-breakingnews","10":"tag-featured-news","11":"tag-featurednews","12":"tag-headlines","13":"tag-huvudnyheter","14":"tag-latest-news","15":"tag-latestnews","16":"tag-main-news","17":"tag-mainnews","18":"tag-news","19":"tag-nyheter","20":"tag-rubriker","21":"tag-se","22":"tag-svenska","23":"tag-sverige","24":"tag-sweden","25":"tag-swedish","26":"tag-top-stories","27":"tag-topstories","28":"tag-varlden","29":"tag-world","30":"tag-world-news","31":"tag-worldnews"},"share_on_mastodon":{"url":"","error":""},"_links":{"self":[{"href":"https:\/\/www.europesays.com\/se\/wp-json\/wp\/v2\/posts\/56622","targetHints":{"allow":["GET"]}}],"collection":[{"href":"https:\/\/www.europesays.com\/se\/wp-json\/wp\/v2\/posts"}],"about":[{"href":"https:\/\/www.europesays.com\/se\/wp-json\/wp\/v2\/types\/post"}],"author":[{"embeddable":true,"href":"https:\/\/www.europesays.com\/se\/wp-json\/wp\/v2\/users\/2"}],"replies":[{"embeddable":true,"href":"https:\/\/www.europesays.com\/se\/wp-json\/wp\/v2\/comments?post=56622"}],"version-history":[{"count":0,"href":"https:\/\/www.europesays.com\/se\/wp-json\/wp\/v2\/posts\/56622\/revisions"}],"wp:featuredmedia":[{"embeddable":true,"href":"https:\/\/www.europesays.com\/se\/wp-json\/wp\/v2\/media\/56623"}],"wp:attachment":[{"href":"https:\/\/www.europesays.com\/se\/wp-json\/wp\/v2\/media?parent=56622"}],"wp:term":[{"taxonomy":"category","embeddable":true,"href":"https:\/\/www.europesays.com\/se\/wp-json\/wp\/v2\/categories?post=56622"},{"taxonomy":"post_tag","embeddable":true,"href":"https:\/\/www.europesays.com\/se\/wp-json\/wp\/v2\/tags?post=56622"}],"curies":[{"name":"wp","href":"https:\/\/api.w.org\/{rel}","templated":true}]}}