{"id":56625,"date":"2025-10-16T01:16:21","date_gmt":"2025-10-16T01:16:21","guid":{"rendered":"https:\/\/www.europesays.com\/se\/56625\/"},"modified":"2025-10-16T01:16:21","modified_gmt":"2025-10-16T01:16:21","slug":"nu-etableras-de-forsta-beredskapslagren","status":"publish","type":"post","link":"https:\/\/www.europesays.com\/se\/56625\/","title":{"rendered":"Nu etableras de f\u00f6rsta beredskapslagren"},"content":{"rendered":"<p>&#13;<br \/>\n                                            &#13;<\/p>\n<p class=\"summary\"><strong><\/p>\n<p>Sveriges beredskap ska bli b\u00e4ttre. Nu startar upphandlingen av lager f\u00f6r spannm\u00e5l i norra Sverige.<\/p>\n<p>&#13;<br \/>\n<\/strong><\/p>\n<p>&#13;<br \/>\n                                            <img decoding=\"async\" alt=\"\" src=\"https:\/\/www.europesays.com\/se\/wp-content\/uploads\/2025\/10\/1760577381_155_getimage.aspx\"\/>&#13;<br \/>\nNu startar strax upphandlingen av beredskapslager f\u00f6r spannm\u00e5l i Norrbotten, V\u00e4sterbotten, V\u00e4sternorrland och J\u00e4mtland. Foto: Carolina Wahlberg\u00a0&#13;<br \/>\n&#13;<br \/>\n&#13;<\/p>\n<p>\u2013 Vi g\u00e5r nu fr\u00e5n f\u00f6rberedelser till konkret upphandling av beredskapslager. Det h\u00e4r \u00e4r ett historiskt steg i \u00e5teruppbyggnaden av svensk livsmedelsberedskap. M\u00e5let p\u00e5 sikt \u00e4r att det ska finnas beredskapslager \u00f6ver hela landet, dels av spannm\u00e5l som kan bli mat p\u00e5 tallriken, dels av insatsvaror som s\u00e4kerst\u00e4ller att vi kan uppr\u00e4tth\u00e5lla v\u00e5r inhemska produktion, s\u00e4ger landsbygdsminister Peter Kullgren, i ett pressmeddelande.<\/p>\n<p>&#13;<br \/>\n&#13;<\/p>\n<p>Men man startar allts\u00e5 med de fyra nordligaste l\u00e4nen: Norrbotten, V\u00e4sterbotten, V\u00e4sternorrland och J\u00e4mtland.<\/p>\n<p>&#13;<br \/>\n&#13;<br \/>\nKontinuerlig oms\u00e4ttning&#13;<br \/>\n&#13;<\/p>\n<p>Beredskapslagren ska vara s\u00e5 kallade oms\u00e4ttningslager. Det betyder att staten tecknar avtal med f\u00f6retag som hanterar spannm\u00e5l. Sedan k\u00f6per man en viss m\u00e4ngd och betalar f\u00f6r att f\u00f6retagen kontinuerligt oms\u00e4tter den. M\u00e4ngden som staten k\u00f6pt ska alltid finnas tillg\u00e4nglig och staten ska ha full r\u00e4tt att n\u00e4r helst man vill anv\u00e4nda den.<\/p>\n<p>&#13;<br \/>\n&#13;<\/p>\n<p>\u2013 Norra Sverige \u00e4r milit\u00e4rstrategiskt viktigt och s\u00e4rskilt prioriterat f\u00f6r totalf\u00f6rsvaret. Det \u00e4r ingen slump att det \u00e4r h\u00e4r som de f\u00f6rsta stegen tas mot etablerandet av beredskapslager f\u00f6r spannm\u00e5l, vilket i grunden handlar om att befolkningen ska kunna s\u00e4tta mat p\u00e5 bordet \u00e4ven i allvarstider. Ett viktigt steg tas i dag och ett \u00e4n mer angel\u00e4get arbete tar nu vid, f\u00f6rst i de fyra nordligaste l\u00e4nen och sedan i resten av landet, s\u00e4ger ministern f\u00f6r civilt f\u00f6rsvar Carl-Oskar Bohlin.<\/p>\n<p>&#13;<br \/>\n&#13;<br \/>\nAvsatta pengar&#13;<br \/>\n&#13;<\/p>\n<p>575 miljoner kronor ska enligt budgetpropositionen f\u00f6r 2026 avs\u00e4ttas f\u00f6r att etablera beredskapslager. F\u00f6rst och fr\u00e4mst av spannm\u00e5l och insatsvaror. Men det kommer \u00e4ven handla om varor i senare led i livsmedelskedjan.<\/p>\n<p>&#13;<br \/>\n&#13;<\/p>\n<p>Ytterligare pengar \u00e4r planerade f\u00f6r 2026-2028 f\u00f6r att etablera lager i resten av landet.\u00a0<\/p>\n<p>&#13;<br \/>\n&#13;<br \/>\n&#13;<br \/>\n&#13;<br \/>\n&#13;<\/p>\n<p>\u00a0<\/p>\n<p>&#13;<br \/>\n&#13;<\/p>\n<p>Artikeln publicerades tisdag den 14 oktober 2025<\/p>\n<p>&#13;<\/p>\n<p>&#13;<br \/>\n                                               &#8211; -&#13;<br \/>\n                                               -&#13;\n                                            <\/p>\n<p>&#13;<\/p>\n","protected":false},"excerpt":{"rendered":"&#13; &#13; Sveriges beredskap ska bli b\u00e4ttre. Nu startar upphandlingen av lager f\u00f6r spannm\u00e5l i norra Sverige. &#13;&hellip;\n","protected":false},"author":2,"featured_media":56626,"comment_status":"","ping_status":"","sticky":false,"template":"","format":"standard","meta":{"footnotes":""},"categories":[5],"tags":[22,23,26,27,17,21,24,25,28,29,15,16,18,34,31,33,32,30,19,20],"class_list":{"0":"post-56625","1":"post","2":"type-post","3":"status-publish","4":"format-standard","5":"has-post-thumbnail","7":"category-rubriker","8":"tag-breaking-news","9":"tag-breakingnews","10":"tag-featured-news","11":"tag-featurednews","12":"tag-headlines","13":"tag-huvudnyheter","14":"tag-latest-news","15":"tag-latestnews","16":"tag-main-news","17":"tag-mainnews","18":"tag-news","19":"tag-nyheter","20":"tag-rubriker","21":"tag-se","22":"tag-svenska","23":"tag-sverige","24":"tag-sweden","25":"tag-swedish","26":"tag-top-stories","27":"tag-topstories"},"share_on_mastodon":{"url":"","error":""},"_links":{"self":[{"href":"https:\/\/www.europesays.com\/se\/wp-json\/wp\/v2\/posts\/56625","targetHints":{"allow":["GET"]}}],"collection":[{"href":"https:\/\/www.europesays.com\/se\/wp-json\/wp\/v2\/posts"}],"about":[{"href":"https:\/\/www.europesays.com\/se\/wp-json\/wp\/v2\/types\/post"}],"author":[{"embeddable":true,"href":"https:\/\/www.europesays.com\/se\/wp-json\/wp\/v2\/users\/2"}],"replies":[{"embeddable":true,"href":"https:\/\/www.europesays.com\/se\/wp-json\/wp\/v2\/comments?post=56625"}],"version-history":[{"count":0,"href":"https:\/\/www.europesays.com\/se\/wp-json\/wp\/v2\/posts\/56625\/revisions"}],"wp:featuredmedia":[{"embeddable":true,"href":"https:\/\/www.europesays.com\/se\/wp-json\/wp\/v2\/media\/56626"}],"wp:attachment":[{"href":"https:\/\/www.europesays.com\/se\/wp-json\/wp\/v2\/media?parent=56625"}],"wp:term":[{"taxonomy":"category","embeddable":true,"href":"https:\/\/www.europesays.com\/se\/wp-json\/wp\/v2\/categories?post=56625"},{"taxonomy":"post_tag","embeddable":true,"href":"https:\/\/www.europesays.com\/se\/wp-json\/wp\/v2\/tags?post=56625"}],"curies":[{"name":"wp","href":"https:\/\/api.w.org\/{rel}","templated":true}]}}