{"id":56627,"date":"2025-10-16T01:24:12","date_gmt":"2025-10-16T01:24:12","guid":{"rendered":"https:\/\/www.europesays.com\/se\/56627\/"},"modified":"2025-10-16T01:24:12","modified_gmt":"2025-10-16T01:24:12","slug":"trumps-nya-varning-till-putin-kollaps","status":"publish","type":"post","link":"https:\/\/www.europesays.com\/se\/56627\/","title":{"rendered":"Trumps nya varning till Putin: \u201dKollaps\u201d"},"content":{"rendered":"<p>Trump har f\u00e5tt igenom den f\u00f6rsta fasen av sin fredsplan i Gaza.<\/p>\n<p>Nu riktar han \u00e5terigen blickarna mot Ukraina \u2013 och skickar en varning till Putin.<\/p>\n<p>Att f\u00e5 till en fred i Europa kan dock vara n\u00e5got helt annat \u00e4n i Mellan\u00f6stern.<\/p>\n<p>Folkmassa g\u00f6r f\u00f6rbjudna protesten i Ryssland.<img loading=\"lazy\"   alt=\"\"\/><\/p>\n<p>Trump s\u00e4ger att fokus nu ska ligga p\u00e5 Ukraina.<\/p>\n<p>Foto: ALEX WROBLEWSKI \/ POOL \/ EPA CONSOLIDATED NEWS PHOTOS POOL<\/p>\n<p>\u00d6ppna bild i helsk\u00e4rm<img loading=\"lazy\"   alt=\"\"\/><\/p>\n<p>Vladimir Putin.<\/p>\n<p>Foto: GRIGORY SYSOYEV \/ AP TT NYHETSBYR\u00c5N<\/p>\n<p>\u00d6ppna bild i helsk\u00e4rm<\/p>\n<p>N\u00e4r <a href=\"https:\/\/www.expressen.se\/tagg\/person\/donald-trump\/\" class=\"\" rel=\"nofollow noopener\" target=\"_blank\">Donald Trump<\/a> i veckan talade i det israeliska parlamentet knesset pratade han om en \u201dhistorisk gryning f\u00f6r Mellan\u00f6stern\u201d.<\/p>\n<p>Samtidigt pekade han p\u00e5 sitt n\u00e4sta \u2013 och nygamla \u2013 m\u00e5l: Kriget i Ukraina.<\/p>\n<p>P\u00e5 en presstr\u00e4ff med Argentinas president Javier Milei i Vita huset riktade sig den amerikanska presidenten \u00e5terigen till sin ryska motpart.<\/p>\n<p>\u2013 Putin skulle vinna kriget p\u00e5 en vecka, nu har det g\u00e5tt snart fyra \u00e5r. Han m\u00e5ste g\u00f6ra n\u00e5got. Det h\u00e4r kriget ser v\u00e4ldigt d\u00e5ligt ut f\u00f6r honom s\u00e4ger Trump p\u00e5 presstr\u00e4ffen, skriver <a href=\"https:\/\/kyivindependent.com\/trump-says-putin-should-do-something-to-end-war-in-ukraine-cites-a-million-and-a-half-russian-losses\/\" rel=\"nofollow noopener\" target=\"_blank\">Kyiv Independent<\/a>.<\/p>\n<p>Men efter de senaste dagarnas vinster i Mellan\u00f6stern har Trump en sv\u00e5rare uppgift framf\u00f6r sig, enligt flera experter.<\/p>\n<p>\u201dTrumpstaben surfar p\u00e5 en hybrisv\u00e5g efter helgen \u2013 men riskerar att vara mer vilsna i Ukraina\u201d, skriver den brittiska CNN-reportern Nick Paton Walsh i en <a href=\"https:\/\/edition.cnn.com\/2025\/10\/14\/world\/gaza-trump-ukraine-putin-lessons-analysis-intl\" rel=\"nofollow noopener\" target=\"_blank\">analys<\/a>.<\/p>\n<p>P\u00e5st\u00e5endet: 1,5 miljoner stupade<\/p>\n<p>Lektorn i internationell politik Jenny Mathers vid Aberystwyth University menar att en stor anledning \u00e4r skillnaden i amerikanskt inflytande.<\/p>\n<p>\u2013 USA har helt enkelt inte lika starka p\u00e5tryckningsmedel mot Ryssland som man har mot Israel, s\u00e4ger hon till Kyiv Independent.<\/p>\n<p>Trump f\u00f6rs\u00f6ker dock \u00e5terigen trycka p\u00e5 vilket fiasko kriget har varit f\u00f6r Putin. P\u00e5 presstr\u00e4ffen p\u00e5stod han att Ryssland troligen f\u00f6rlorat \u00f6ver 1,5 miljoner soldater i kriget, om man r\u00e4knar sv\u00e5rt skadade. Hur m\u00e5nga det faktiskt handlar om \u00e4r b\u00e5de sv\u00e5rverifierat och omstritt.<\/p>\n<p>Trump s\u00e4ger ocks\u00e5 att kriget h\u00e5ller p\u00e5 att f\u00e5 f\u00f6r\u00f6dande konsekvenser f\u00f6r Ryssland.<\/p>\n<p>\u2013 De har l\u00e5nga k\u00f6er d\u00e4r folk v\u00e4ntar p\u00e5 bensin just nu. Ekonomin kommer pl\u00f6tsligt kollapsa, s\u00e4ger han.<\/p>\n","protected":false},"excerpt":{"rendered":"Trump har f\u00e5tt igenom den f\u00f6rsta fasen av sin fredsplan i Gaza. Nu riktar han \u00e5terigen blickarna mot&hellip;\n","protected":false},"author":2,"featured_media":56628,"comment_status":"","ping_status":"","sticky":false,"template":"","format":"standard","meta":{"footnotes":""},"categories":[5],"tags":[50,22,23,26,27,17,21,24,25,28,29,15,276,16,198,203,18,34,55,31,33,32,30,19,60,49,20],"class_list":{"0":"post-56627","1":"post","2":"type-post","3":"status-publish","4":"format-standard","5":"has-post-thumbnail","7":"category-rubriker","8":"tag-arme-forsvar","9":"tag-breaking-news","10":"tag-breakingnews","11":"tag-featured-news","12":"tag-featurednews","13":"tag-headlines","14":"tag-huvudnyheter","15":"tag-latest-news","16":"tag-latestnews","17":"tag-main-news","18":"tag-mainnews","19":"tag-news","20":"tag-newsstory-kriget-i-ukraina","21":"tag-nyheter","22":"tag-person-donald-trump","23":"tag-person-vladimir-putin","24":"tag-rubriker","25":"tag-se","26":"tag-sections-varlden","27":"tag-svenska","28":"tag-sverige","29":"tag-sweden","30":"tag-swedish","31":"tag-top-stories","32":"tag-topic-krig-konflikt","33":"tag-topic-militar","34":"tag-topstories"},"share_on_mastodon":{"url":"","error":""},"_links":{"self":[{"href":"https:\/\/www.europesays.com\/se\/wp-json\/wp\/v2\/posts\/56627","targetHints":{"allow":["GET"]}}],"collection":[{"href":"https:\/\/www.europesays.com\/se\/wp-json\/wp\/v2\/posts"}],"about":[{"href":"https:\/\/www.europesays.com\/se\/wp-json\/wp\/v2\/types\/post"}],"author":[{"embeddable":true,"href":"https:\/\/www.europesays.com\/se\/wp-json\/wp\/v2\/users\/2"}],"replies":[{"embeddable":true,"href":"https:\/\/www.europesays.com\/se\/wp-json\/wp\/v2\/comments?post=56627"}],"version-history":[{"count":0,"href":"https:\/\/www.europesays.com\/se\/wp-json\/wp\/v2\/posts\/56627\/revisions"}],"wp:featuredmedia":[{"embeddable":true,"href":"https:\/\/www.europesays.com\/se\/wp-json\/wp\/v2\/media\/56628"}],"wp:attachment":[{"href":"https:\/\/www.europesays.com\/se\/wp-json\/wp\/v2\/media?parent=56627"}],"wp:term":[{"taxonomy":"category","embeddable":true,"href":"https:\/\/www.europesays.com\/se\/wp-json\/wp\/v2\/categories?post=56627"},{"taxonomy":"post_tag","embeddable":true,"href":"https:\/\/www.europesays.com\/se\/wp-json\/wp\/v2\/tags?post=56627"}],"curies":[{"name":"wp","href":"https:\/\/api.w.org\/{rel}","templated":true}]}}