{"id":56631,"date":"2025-10-16T01:35:27","date_gmt":"2025-10-16T01:35:27","guid":{"rendered":"https:\/\/www.europesays.com\/se\/56631\/"},"modified":"2025-10-16T01:35:27","modified_gmt":"2025-10-16T01:35:27","slug":"fran-ullevi-till-intimt-och-personligt-darin-gor-akustisk-konserthusturne-i-var-2","status":"publish","type":"post","link":"https:\/\/www.europesays.com\/se\/56631\/","title":{"rendered":"FR\u00c5N ULLEVI TILL INTIMT OCH PERSONLIGT \u2013 DARIN G\u00d6R AKUSTISK KONSERTHUSTURN\u00c9 I V\u00c5R"},"content":{"rendered":"<p>&#8221;Vi p\u00e5 N\u00f6jet Konsert \u00e4r v\u00e4ldigt stolta \u00f6ver att f\u00e5 vara en del av Darins akustiska turn\u00e9. Han \u00e4r en av Sveriges mest folkk\u00e4ra artister, och att f\u00e5 skapa dessa intima och musikaliskt starka kv\u00e4llar tillsammans med honom k\u00e4nns b\u00e5de inspirerande och hedrande.&#8221;\u00a0 S\u00e4ger Markus Westberg, VD, N\u00f6jet Konsert.<\/p>\n<p>Jubil\u00e9umskonserten p\u00e5 Ullevi i juli var ett firande utan dess like, d\u00e4r fans samlades f\u00f6r att hylla den gedigna l\u00e5tkatalog som Darin byggt upp under sin l\u00e5nga och framg\u00e5ngsrika karri\u00e4r. Fylld med dans, ballader och l\u00e5ttexter som g\u00e5r rakt in i hj\u00e4rtat, blev det minst sagt en sommarkv\u00e4ll att minnas.<\/p>\n<p>I v\u00e5r forts\u00e4tter jubileumsfirandet i ny tappning n\u00e4r Darin bjuder in till en intim konserthusturn\u00e9, med premi\u00e4r i Helsingborg den 26 februari och avslut p\u00e5 Konserthuset i Stockholm den 2 maj. P\u00e5 denna turn\u00e9 blir det texterna, ber\u00e4ttelserna och publiken som st\u00e5r i fokus, ber\u00e4ttar Darin.<\/p>\n<p>&#8221;Att st\u00e5 p\u00e5 scen akustiskt har alltid varit n\u00e5got speciellt f\u00f6r mig. Det k\u00e4nns som att jag kommer n\u00e4rmare texterna, ber\u00e4ttelserna bakom dem och er i publiken p\u00e5 ett helt annat s\u00e4tt. Efter de senaste turn\u00e9erna vill jag tillbaka till musiken, mer nedskalat och intimt. Jag ser verkligen fram emot att f\u00e5 dela de h\u00e4r kv\u00e4llarna tillsammans med er i v\u00e5r.\u201d <\/p>\n<p>Tillsammans med avskalad akustiskt s\u00e4tting, f\u00e5r vi f\u00f6lja med p\u00e5 en nostalgisk och intim resa genom popstj\u00e4rnans repertoar, som \u00e4n en g\u00e5ng bekr\u00e4ftar Darins sj\u00e4lvklara plats som en av Sveriges st\u00f6rsta artister. Missa inte chansen att uppleva denna unika konsertupplevelse v\u00e5ren 2026!<\/p>\n<p>N\u00f6jet Konsert \u00e4r stolta medarrang\u00f6rer av f\u00f6ljande orter:<\/p>\n<p>13\/3 \u2013 Bor\u00e5s, \u00c5haga<\/p>\n<p>21\/3 \u2013 G\u00f6teborg, Konserthuset<\/p>\n<p>10\/4 \u2013 Ume\u00e5, Idun<\/p>\n<p>11\/4 \u2013 Skellefte\u00e5, Sara Kulturhus<\/p>\n<p>24\/4 \u2013 Sundsvall, Tonhallen<\/p>\n<p>25\/4 \u2013 Lule\u00e5, Kulturens hus<\/p>\n<p><strong>Biljetterna sl\u00e4pps m\u00e5ndag 20 oktober kl 10.00 p\u00e5 <a href=\"http:\/\/nojet.se\" rel=\"nofollow noopener\" target=\"_blank\">nojet.se<\/a> <\/strong><\/p>\n<p>Se hela turn\u00e9n p\u00e5 <a href=\"http:\/\/livenation.se\" rel=\"nofollow noopener\" target=\"_blank\">livenation.se<\/a><\/p>\n","protected":false},"excerpt":{"rendered":"&#8221;Vi p\u00e5 N\u00f6jet Konsert \u00e4r v\u00e4ldigt stolta \u00f6ver att f\u00e5 vara en del av Darins akustiska turn\u00e9. Han&hellip;\n","protected":false},"author":2,"featured_media":56632,"comment_status":"","ping_status":"","sticky":false,"template":"","format":"standard","meta":{"footnotes":""},"categories":[67],"tags":[104,34,31,33,32,30,105],"class_list":{"0":"post-56631","1":"post","2":"type-post","3":"status-publish","4":"format-standard","5":"has-post-thumbnail","7":"category-underhallning","8":"tag-entertainment","9":"tag-se","10":"tag-svenska","11":"tag-sverige","12":"tag-sweden","13":"tag-swedish","14":"tag-underhallning"},"share_on_mastodon":{"url":"","error":""},"_links":{"self":[{"href":"https:\/\/www.europesays.com\/se\/wp-json\/wp\/v2\/posts\/56631","targetHints":{"allow":["GET"]}}],"collection":[{"href":"https:\/\/www.europesays.com\/se\/wp-json\/wp\/v2\/posts"}],"about":[{"href":"https:\/\/www.europesays.com\/se\/wp-json\/wp\/v2\/types\/post"}],"author":[{"embeddable":true,"href":"https:\/\/www.europesays.com\/se\/wp-json\/wp\/v2\/users\/2"}],"replies":[{"embeddable":true,"href":"https:\/\/www.europesays.com\/se\/wp-json\/wp\/v2\/comments?post=56631"}],"version-history":[{"count":0,"href":"https:\/\/www.europesays.com\/se\/wp-json\/wp\/v2\/posts\/56631\/revisions"}],"wp:featuredmedia":[{"embeddable":true,"href":"https:\/\/www.europesays.com\/se\/wp-json\/wp\/v2\/media\/56632"}],"wp:attachment":[{"href":"https:\/\/www.europesays.com\/se\/wp-json\/wp\/v2\/media?parent=56631"}],"wp:term":[{"taxonomy":"category","embeddable":true,"href":"https:\/\/www.europesays.com\/se\/wp-json\/wp\/v2\/categories?post=56631"},{"taxonomy":"post_tag","embeddable":true,"href":"https:\/\/www.europesays.com\/se\/wp-json\/wp\/v2\/tags?post=56631"}],"curies":[{"name":"wp","href":"https:\/\/api.w.org\/{rel}","templated":true}]}}