{"id":56654,"date":"2025-10-16T03:40:21","date_gmt":"2025-10-16T03:40:21","guid":{"rendered":"https:\/\/www.europesays.com\/se\/56654\/"},"modified":"2025-10-16T03:40:21","modified_gmt":"2025-10-16T03:40:21","slug":"diane-keatons-dodsorsak-faststalld-2","status":"publish","type":"post","link":"https:\/\/www.europesays.com\/se\/56654\/","title":{"rendered":"Diane Keatons d\u00f6dsorsak fastst\u00e4lld"},"content":{"rendered":"<p>Sk\u00e5despelaren Diane Keaton dog till f\u00f6ljd av lunginflammation, uppger hennes anh\u00f6riga f\u00f6r People Magazine.<\/p>\n<p>\u201dFamiljen Keaton \u00e4r mycket tacksam f\u00f6r alla fantastiska meddelanden med k\u00e4rlek och st\u00f6d som de har f\u00e5tt de senaste dagarna f\u00f6r sin \u00e4lskade Diane, som avled i lunginflammation den 11 oktober\u201d, st\u00e5r det i ett uttalande som tidningen tagit del av.<\/p>\n<p>Keaton blev k\u00e4nd p\u00e5 1970-talet f\u00f6r sin roll i den ikoniska filmen \u201dGudfadern\u201d, och prisades senare p\u00e5 Oscarsgalan f\u00f6r sin medverkan i Woody Allens romantiska komedi \u201dAnnie Hall\u201d<\/p>\n<p>Diane Keaton avled i Los Angeles 79 \u00e5r gammal.<\/p>\n<p>Omni \u00e4r politiskt obundna och oberoende. Vi str\u00e4var efter att ge fler perspektiv p\u00e5 nyheterna. Har du fr\u00e5gor eller synpunkter kring v\u00e5r rapportering? <a href=\"https:\/\/omni.se\/diane-keatons-dodsorsak-faststalld\/a\/mailto:redaktion@omni.se\" class=\"ArticleActions_contactLink__W2F1M\" rel=\"nofollow noopener\" target=\"_blank\">Kontakta redaktionen<\/a><\/p>\n","protected":false},"excerpt":{"rendered":"Sk\u00e5despelaren Diane Keaton dog till f\u00f6ljd av lunginflammation, uppger hennes anh\u00f6riga f\u00f6r People Magazine. \u201dFamiljen Keaton \u00e4r mycket&hellip;\n","protected":false},"author":2,"featured_media":56655,"comment_status":"","ping_status":"","sticky":false,"template":"","format":"standard","meta":{"footnotes":""},"categories":[5],"tags":[22,23,5225,26,27,168,17,21,24,25,28,29,15,16,18,34,31,33,32,30,19,20],"class_list":{"0":"post-56654","1":"post","2":"type-post","3":"status-publish","4":"format-standard","5":"has-post-thumbnail","7":"category-rubriker","8":"tag-breaking-news","9":"tag-breakingnews","10":"tag-diane-keaton","11":"tag-featured-news","12":"tag-featurednews","13":"tag-film-tv","14":"tag-headlines","15":"tag-huvudnyheter","16":"tag-latest-news","17":"tag-latestnews","18":"tag-main-news","19":"tag-mainnews","20":"tag-news","21":"tag-nyheter","22":"tag-rubriker","23":"tag-se","24":"tag-svenska","25":"tag-sverige","26":"tag-sweden","27":"tag-swedish","28":"tag-top-stories","29":"tag-topstories"},"share_on_mastodon":{"url":"","error":""},"_links":{"self":[{"href":"https:\/\/www.europesays.com\/se\/wp-json\/wp\/v2\/posts\/56654","targetHints":{"allow":["GET"]}}],"collection":[{"href":"https:\/\/www.europesays.com\/se\/wp-json\/wp\/v2\/posts"}],"about":[{"href":"https:\/\/www.europesays.com\/se\/wp-json\/wp\/v2\/types\/post"}],"author":[{"embeddable":true,"href":"https:\/\/www.europesays.com\/se\/wp-json\/wp\/v2\/users\/2"}],"replies":[{"embeddable":true,"href":"https:\/\/www.europesays.com\/se\/wp-json\/wp\/v2\/comments?post=56654"}],"version-history":[{"count":0,"href":"https:\/\/www.europesays.com\/se\/wp-json\/wp\/v2\/posts\/56654\/revisions"}],"wp:featuredmedia":[{"embeddable":true,"href":"https:\/\/www.europesays.com\/se\/wp-json\/wp\/v2\/media\/56655"}],"wp:attachment":[{"href":"https:\/\/www.europesays.com\/se\/wp-json\/wp\/v2\/media?parent=56654"}],"wp:term":[{"taxonomy":"category","embeddable":true,"href":"https:\/\/www.europesays.com\/se\/wp-json\/wp\/v2\/categories?post=56654"},{"taxonomy":"post_tag","embeddable":true,"href":"https:\/\/www.europesays.com\/se\/wp-json\/wp\/v2\/tags?post=56654"}],"curies":[{"name":"wp","href":"https:\/\/api.w.org\/{rel}","templated":true}]}}