{"id":56675,"date":"2025-10-16T04:40:16","date_gmt":"2025-10-16T04:40:16","guid":{"rendered":"https:\/\/www.europesays.com\/se\/56675\/"},"modified":"2025-10-16T04:40:16","modified_gmt":"2025-10-16T04:40:16","slug":"laowa-200mm-f-2-c-dreamer-ljusstark-tele-for-sony-canon-nikon","status":"publish","type":"post","link":"https:\/\/www.europesays.com\/se\/56675\/","title":{"rendered":"Laowa 200mm f\/2 C-Dreamer \u2013 ljusstark tele f\u00f6r Sony, Canon &#038; Nikon"},"content":{"rendered":"<p class=\"kicker t20 color_mobile_no_bg_color\" style=\"\">NYHET<\/p>\n<p>    Venus Optics sl\u00e4pper nu ett nytt objektiv under m\u00e4rket Laowa, denna g\u00e5ng ett ljusstarkt teleobjektiv i fullformat f\u00f6r b\u00e5de sport och portr\u00e4tt.<\/p>\n<p>                <img decoding=\"async\" src=\"https:\/\/www.europesays.com\/se\/wp-content\/uploads\/2025\/10\/1655022.webp\" width=\"480\" height=\"351\" title=\"Sony E &amp; Nikon Z-version.\" alt=\"\" loading=\"lazy\" style=\"\"\/><\/p>\n<p>\n            Sony E &amp; Nikon Z-version.<\/p>\n<p>                <img decoding=\"async\" src=\"https:\/\/www.europesays.com\/se\/wp-content\/uploads\/2025\/10\/1655023.webp\" width=\"480\" height=\"327\" title=\"Canon EF-version.\" alt=\"\" loading=\"lazy\" style=\"\"\/><\/p>\n<p>\n            Canon EF-version.<\/p>\n<p>Laowa 200 mm f\/2 C-Dreamer \u00e4r Venus Optics nya ljusstarka objektiv i fullformat, med fattningar f\u00f6r Sony E, Nikon Z och Canon EF. Detta inneb\u00e4r att objektivet st\u00f6djer de nya spegell\u00f6sa fattningarna medan EF-versionen allts\u00e5 \u00e4r spegelreflextekniken hos Canon, innan sl\u00e4ppet av sin nuvarande sin RF-fatttning.<\/p>\n<p>                <img decoding=\"async\" src=\"https:\/\/www.europesays.com\/se\/wp-content\/uploads\/2025\/10\/1655020.webp\" width=\"480\" height=\"274\" title=\"Laowa 200mm f\/2 C-Dreamer \u2013 ljusstark tele f\u00f6r Sony, Canon &amp; Nikon\" alt=\"\" loading=\"lazy\" style=\"\"\/><\/p>\n<p>Objektivet passar sport och portr\u00e4tt, och ska \u00e4ven ha snabb och s\u00e4ker autofokus f\u00f6r att passa snabba r\u00f6relser och wildlife. N\u00e4rgr\u00e4nsen \u00e4r 1,5 meter och objektivet har \u00e4ven knapp f\u00f6r att justera mellan full AF eller spann fr\u00e5n 5 meter och upp\u00e5t f\u00f6r snabbare fokusering.<\/p>\n<p>                <img decoding=\"async\" src=\"https:\/\/www.europesays.com\/se\/wp-content\/uploads\/2025\/10\/1655016.webp\" width=\"480\" height=\"322\" title=\"Exempelbild.\" alt=\"\" loading=\"lazy\" style=\"\"\/><\/p>\n<p>\n            Exempelbild.<\/p>\n<p>                <img decoding=\"async\" src=\"https:\/\/www.europesays.com\/se\/wp-content\/uploads\/2025\/10\/1655018.webp\" width=\"480\" height=\"322\" title=\"Exempelbild.\" alt=\"\" loading=\"lazy\" style=\"\"\/><\/p>\n<p>\n            Exempelbild.<\/p>\n<p>P\u00e5 objektivets baksida finns en filterh\u00e5llare f\u00f6r 43 mm filter (Sony E och Nikon Z), f\u00f6r filter som \u00e4r smalare \u00e4n 1,5 mm. Vikten \u00e4r 1 590 g hos den l\u00e4ttare Canon EF-versionen, och 1 780 g f\u00f6r Sony E och Nikon Z-objektiven.\u00a0<\/p>\n<p>Laowa 200mm f\/2 C-Dreamer har ett rekommenderat pris p\u00e5 26 490 kronor inklusive moms f\u00f6r Sony E och Nikon Z-versionerna, samt 23 890 kronor inklusive moms f\u00f6r Canon EF-versionen. Objektiven finns tillg\u00e4ngliga fr\u00e5n och med nu.<\/p>\n<p>{&#8221;totalCount&#8221;:0,&#8221;result&#8221;:[]}<\/p>\n","protected":false},"excerpt":{"rendered":"NYHET Venus Optics sl\u00e4pper nu ett nytt objektiv under m\u00e4rket Laowa, denna g\u00e5ng ett ljusstarkt teleobjektiv i fullformat&hellip;\n","protected":false},"author":2,"featured_media":56676,"comment_status":"","ping_status":"","sticky":false,"template":"","format":"standard","meta":{"footnotes":""},"categories":[66],"tags":[80,78,79,34,31,33,32,30,81,84,83,82],"class_list":{"0":"post-56675","1":"post","2":"type-post","3":"status-publish","4":"format-standard","5":"has-post-thumbnail","7":"category-vetenskap-och-teknik","8":"tag-science","9":"tag-science-and-technology","10":"tag-scienceandtechnology","11":"tag-se","12":"tag-svenska","13":"tag-sverige","14":"tag-sweden","15":"tag-swedish","16":"tag-technology","17":"tag-teknik","18":"tag-vetenskap","19":"tag-vetenskapteknik"},"share_on_mastodon":{"url":"","error":""},"_links":{"self":[{"href":"https:\/\/www.europesays.com\/se\/wp-json\/wp\/v2\/posts\/56675","targetHints":{"allow":["GET"]}}],"collection":[{"href":"https:\/\/www.europesays.com\/se\/wp-json\/wp\/v2\/posts"}],"about":[{"href":"https:\/\/www.europesays.com\/se\/wp-json\/wp\/v2\/types\/post"}],"author":[{"embeddable":true,"href":"https:\/\/www.europesays.com\/se\/wp-json\/wp\/v2\/users\/2"}],"replies":[{"embeddable":true,"href":"https:\/\/www.europesays.com\/se\/wp-json\/wp\/v2\/comments?post=56675"}],"version-history":[{"count":0,"href":"https:\/\/www.europesays.com\/se\/wp-json\/wp\/v2\/posts\/56675\/revisions"}],"wp:featuredmedia":[{"embeddable":true,"href":"https:\/\/www.europesays.com\/se\/wp-json\/wp\/v2\/media\/56676"}],"wp:attachment":[{"href":"https:\/\/www.europesays.com\/se\/wp-json\/wp\/v2\/media?parent=56675"}],"wp:term":[{"taxonomy":"category","embeddable":true,"href":"https:\/\/www.europesays.com\/se\/wp-json\/wp\/v2\/categories?post=56675"},{"taxonomy":"post_tag","embeddable":true,"href":"https:\/\/www.europesays.com\/se\/wp-json\/wp\/v2\/tags?post=56675"}],"curies":[{"name":"wp","href":"https:\/\/api.w.org\/{rel}","templated":true}]}}