{"id":56738,"date":"2025-10-16T06:23:16","date_gmt":"2025-10-16T06:23:16","guid":{"rendered":"https:\/\/www.europesays.com\/se\/56738\/"},"modified":"2025-10-16T06:23:16","modified_gmt":"2025-10-16T06:23:16","slug":"fartyg-pa-grund-under-svinesundsbron","status":"publish","type":"post","link":"https:\/\/www.europesays.com\/se\/56738\/","title":{"rendered":"Fartyg p\u00e5 grund under Svinesundsbron"},"content":{"rendered":"<p class=\"boxtextgrotesk-root_baa6 hyperion-css-7pajle\">Uppdaterad 07.34 | Publicerad 06.45<\/p>\n<p>share-arrowDela<\/p>\n<p>unsaveSpara<\/p>\n<p>expand-left<\/p>\n<p>helsk\u00e4rm<img decoding=\"async\" class=\"image-asset hyperion-css-u06ts1\" data-test-tag=\"image-asset\" src=\"https:\/\/www.europesays.com\/se\/wp-content\/uploads\/2025\/10\/c6979bab-2039-4b54-aa0e-41f42c15dc24\"  alt=\"Ett norskt fartyg har g\u00e5tt p\u00e5 grund under Svinesundsbron. Arkivbild.\"  loading=\"eager\" fetchpriority=\"high\" style=\"aspect-ratio:1900 \/ 1150\"\/>Ett norskt fartyg har g\u00e5tt p\u00e5 grund under Svinesundsbron. Arkivbild. Foto: Adam Ihse\/TT<\/p>\n<p class=\"hyperion-css-1shl3oz\" data-test-tag=\"lead-text\">Ett norskt fartyg lastat med timmer har fastnat under Svinesundsbron p\u00e5 gr\u00e4nsen mellan Sverige och Norge, skriver G\u00f6teborgs-Posten.<\/p>\n<p class=\"hyperion-css-1v9qo5x\">Larmet inkom vid halv tre p\u00e5 natten mot torsdagen, men fartyget ska ha g\u00e5tt p\u00e5 grund redan vid 01-tiden.<\/p>\n<p class=\"hyperion-css-1v9qo5x\">Enligt Kustbevakningen har ingen person kommit till skada. Ingen olja har l\u00e4ckt ut i vattnet och fartyget tar inte in vatten.<\/p>\n<p class=\"hyperion-css-1v9qo5x\">GP skriver att fartyget, som g\u00e5r mellan norska hamnar, \u00e4r 90 meter l\u00e5ngt och 14 meter brett.<\/p>\n<p class=\"hyperion-css-1v9qo5x\">Det finns ingen prognos f\u00f6r hur l\u00e4nge det kan komma att sitta fast.<\/p>\n<p class=\"hyperion-css-1v9qo5x\">\u2013 N\u00e4r det handlar om s\u00e5h\u00e4r stora fartyg brukar man vilja v\u00e4nta tills det \u00e4r ljust. Man kan inte ta loss n\u00e4r det \u00e4r m\u00f6rkt, s\u00e4ger Mattias Lindholm, presschef p\u00e5 Kustbevakningen, till GP.<\/p>\n<p class=\"hyperion-css-1v9qo5x\">Det \u00e4r f\u00f6r tidigt att s\u00e4ga vad som orsakat h\u00e4ndelsen, men Kustbevakningen har inlett en f\u00f6runders\u00f6kning g\u00e4llande v\u00e5rdsl\u00f6shet i sj\u00f6trafik. Det finns ingen misstanke om sj\u00f6fylleri, skriver myndigheten p\u00e5 sin sajt.<\/p>\n","protected":false},"excerpt":{"rendered":"Uppdaterad 07.34 | Publicerad 06.45 share-arrowDela unsaveSpara expand-left helsk\u00e4rmEtt norskt fartyg har g\u00e5tt p\u00e5 grund under Svinesundsbron. Arkivbild.&hellip;\n","protected":false},"author":2,"featured_media":56739,"comment_status":"","ping_status":"","sticky":false,"template":"","format":"standard","meta":{"footnotes":""},"categories":[14],"tags":[22,23,26,27,17,21,24,25,28,29,15,16,18,34,31,33,32,30,19,20,51,52,53,54],"class_list":{"0":"post-56738","1":"post","2":"type-post","3":"status-publish","4":"format-standard","5":"has-post-thumbnail","7":"category-varlden","8":"tag-breaking-news","9":"tag-breakingnews","10":"tag-featured-news","11":"tag-featurednews","12":"tag-headlines","13":"tag-huvudnyheter","14":"tag-latest-news","15":"tag-latestnews","16":"tag-main-news","17":"tag-mainnews","18":"tag-news","19":"tag-nyheter","20":"tag-rubriker","21":"tag-se","22":"tag-svenska","23":"tag-sverige","24":"tag-sweden","25":"tag-swedish","26":"tag-top-stories","27":"tag-topstories","28":"tag-varlden","29":"tag-world","30":"tag-world-news","31":"tag-worldnews"},"share_on_mastodon":{"url":"","error":""},"_links":{"self":[{"href":"https:\/\/www.europesays.com\/se\/wp-json\/wp\/v2\/posts\/56738","targetHints":{"allow":["GET"]}}],"collection":[{"href":"https:\/\/www.europesays.com\/se\/wp-json\/wp\/v2\/posts"}],"about":[{"href":"https:\/\/www.europesays.com\/se\/wp-json\/wp\/v2\/types\/post"}],"author":[{"embeddable":true,"href":"https:\/\/www.europesays.com\/se\/wp-json\/wp\/v2\/users\/2"}],"replies":[{"embeddable":true,"href":"https:\/\/www.europesays.com\/se\/wp-json\/wp\/v2\/comments?post=56738"}],"version-history":[{"count":0,"href":"https:\/\/www.europesays.com\/se\/wp-json\/wp\/v2\/posts\/56738\/revisions"}],"wp:featuredmedia":[{"embeddable":true,"href":"https:\/\/www.europesays.com\/se\/wp-json\/wp\/v2\/media\/56739"}],"wp:attachment":[{"href":"https:\/\/www.europesays.com\/se\/wp-json\/wp\/v2\/media?parent=56738"}],"wp:term":[{"taxonomy":"category","embeddable":true,"href":"https:\/\/www.europesays.com\/se\/wp-json\/wp\/v2\/categories?post=56738"},{"taxonomy":"post_tag","embeddable":true,"href":"https:\/\/www.europesays.com\/se\/wp-json\/wp\/v2\/tags?post=56738"}],"curies":[{"name":"wp","href":"https:\/\/api.w.org\/{rel}","templated":true}]}}