{"id":56766,"date":"2025-10-16T06:57:12","date_gmt":"2025-10-16T06:57:12","guid":{"rendered":"https:\/\/www.europesays.com\/se\/56766\/"},"modified":"2025-10-16T06:57:12","modified_gmt":"2025-10-16T06:57:12","slug":"ny-studie-pfas-under-graviditet-kopplas-till-forandringar-i-barns-hjarnor","status":"publish","type":"post","link":"https:\/\/www.europesays.com\/se\/56766\/","title":{"rendered":"Ny studie &#8211; PFAS under graviditet kopplas till f\u00f6r\u00e4ndringar i barns hj\u00e4rnor"},"content":{"rendered":"<p><strong>F\u00f6r f\u00f6rsta g\u00e5ngen visar en internationell studie att exponering f\u00f6r PFAS under graviditeten kan kopplas till f\u00f6r\u00e4ndringar i barns hj\u00e4rnor flera \u00e5r senare. Forskare vid \u00d6rebro universitet, \u00c5bo universitet och \u00c5bo universitetssjukhus publicerar nu resultaten i <\/strong><strong>Lancet Planetary Health<\/strong><strong>. Studien \u00e4r den f\u00f6rsta i sitt slag som unders\u00f6ker hela hj\u00e4rnan med MRI hos barn i relation till PFAS-niv\u00e5er hos m\u00f6drar.<\/strong><\/p>\n<p><strong>F\u00f6rsta studien i sitt slag<\/strong><br \/>Forskarna har f\u00f6ljt gravida kvinnor och deras barn i fem \u00e5r. H\u00f6gre niv\u00e5er av PFAS hos m\u00f6drarna visade samband med f\u00f6r\u00e4ndringar b\u00e5de i hj\u00e4rnans struktur och i kopplingarna mellan olika hj\u00e4rnomr\u00e5den hos barnen.<\/p>\n<p>\u2013 V\u00e5r studie visar ett tydligt samband. Det \u00e4r f\u00f6rsta g\u00e5ngen man f\u00f6ljer upp exponering f\u00f6r PFAS under graviditeten med en omfattande hj\u00e4rnavbildning (MRI) av barn flera \u00e5r senare, s\u00e4ger Matej Ore\u0161i\u010d, professor vid \u00d6rebro universitet.<\/p>\n<p><strong>PFAS p\u00e5verkar hj\u00e4rnans utveckling<\/strong><br \/>PFAS \u00e4r en grupp sv\u00e5rnedbrytbara kemikalier som anv\u00e4nds i bland annat vattenavvisande material, textilier, brandskum och matf\u00f6rpackningar. De passerar l\u00e4tt fr\u00e5n den gravida kvinnan till fostret via moderkakan. Exponering under graviditet och tidig utveckling anses s\u00e4rskilt k\u00e4nslig eftersom hj\u00e4rnan och andra organ d\u00e5 \u00e4r under snabb tillv\u00e4xt.<\/p>\n<p>\u2013 Det h\u00e4r \u00e4r en viktig pusselbit i f\u00f6rst\u00e5elsen av hur kemikalier kan p\u00e5verka barns utveckling. Steg f\u00f6r steg f\u00e5r vi mer kunskap om hur olika milj\u00f6faktorer samverkar och kan bidra till h\u00e4lsoproblem, s\u00e4ger Tuulia Hy\u00f6tyl\u00e4inen, professor vid \u00d6rebro universitet.<\/p>\n<p>Tidigare forskning har visat att PFAS kan p\u00e5verka immunsystemet och misst\u00e4nks \u00e4ven p\u00e5verka metabolism, hormonbalans och hj\u00e4rnans utveckling. Resultaten st\u00e4rker bilden av att \u00e4ven l\u00e5ga niv\u00e5er kan ha effekter.<\/p>\n<p>\u2013 Sammantaget visar forskningen att PFAS kan p\u00e5verka hj\u00e4rnans utveckling \u00e4ven n\u00e4r det handlar om l\u00e5ga niv\u00e5er. Det beh\u00f6vs mer forskning om hur kemikalier p\u00e5verkar kognition och hj\u00e4rnfunktion hos barn, vad som \u00e4r orsakerna och vad det leder till, s\u00e4ger Tuulia Hy\u00f6tyl\u00e4inen.<\/p>\n<p><strong>Del av EU-projektet INITIALISE<\/strong><br \/>Studien \u00e4r en del av EU-projektet INITIALISE och bygger p\u00e5 FinnBrain Birth Cohort Study, som startade 2011 vid \u00c5bo universitet. Studien f\u00f6ljer tusentals barn och m\u00f6drar fr\u00e5n graviditeten och fram\u00e5t. En del av barnen genomgick hj\u00e4rnskanningar som sedan j\u00e4mf\u00f6rdes med PFAS-niv\u00e5erna hos m\u00f6drarna under graviditeten.<\/p>\n<p><strong>R\u00e5d till konsumenter<\/strong><br \/>Forskarna lyfter fram att det finns individuella val som kan minska exponeringen i v\u00e4ntan p\u00e5 mer lagstiftning:<\/p>\n<p>\u2022 \u00c4t g\u00e4rna fisk, men undvik fisk fr\u00e5n PFAS-f\u00f6rorenade sj\u00f6ar.<br \/>\u2022 Minska konsumtionen av h\u00e4mtmat och micromat i vatten- och fettavvisande pappf\u00f6rpackningar.<br \/>\u2022 Undvik non stick-produkter vid matlagning.<br \/>\u2022 Undvik kosmetika med PFAS (identifieras som PTFE, polytef, \u201dperfluoro\u201d eller \u201dpolyfluoro\u201d).<br \/>\u2022 V\u00e4lj funktionskl\u00e4der och m\u00f6beltyger utan PFAS \u2013 g\u00e4rna begagnade f\u00f6r att minska utsl\u00e4pp vid produktion.<\/p>\n<p>K\u00e4lla: \u00d6rebro universitet<\/p>\n","protected":false},"excerpt":{"rendered":"F\u00f6r f\u00f6rsta g\u00e5ngen visar en internationell studie att exponering f\u00f6r PFAS under graviditeten kan kopplas till f\u00f6r\u00e4ndringar i&hellip;\n","protected":false},"author":2,"featured_media":56767,"comment_status":"","ping_status":"","sticky":false,"template":"","format":"standard","meta":{"footnotes":""},"categories":[5],"tags":[22,23,26,27,17,21,24,25,28,29,15,16,18,34,31,33,32,30,19,20],"class_list":{"0":"post-56766","1":"post","2":"type-post","3":"status-publish","4":"format-standard","5":"has-post-thumbnail","7":"category-rubriker","8":"tag-breaking-news","9":"tag-breakingnews","10":"tag-featured-news","11":"tag-featurednews","12":"tag-headlines","13":"tag-huvudnyheter","14":"tag-latest-news","15":"tag-latestnews","16":"tag-main-news","17":"tag-mainnews","18":"tag-news","19":"tag-nyheter","20":"tag-rubriker","21":"tag-se","22":"tag-svenska","23":"tag-sverige","24":"tag-sweden","25":"tag-swedish","26":"tag-top-stories","27":"tag-topstories"},"share_on_mastodon":{"url":"","error":""},"_links":{"self":[{"href":"https:\/\/www.europesays.com\/se\/wp-json\/wp\/v2\/posts\/56766","targetHints":{"allow":["GET"]}}],"collection":[{"href":"https:\/\/www.europesays.com\/se\/wp-json\/wp\/v2\/posts"}],"about":[{"href":"https:\/\/www.europesays.com\/se\/wp-json\/wp\/v2\/types\/post"}],"author":[{"embeddable":true,"href":"https:\/\/www.europesays.com\/se\/wp-json\/wp\/v2\/users\/2"}],"replies":[{"embeddable":true,"href":"https:\/\/www.europesays.com\/se\/wp-json\/wp\/v2\/comments?post=56766"}],"version-history":[{"count":0,"href":"https:\/\/www.europesays.com\/se\/wp-json\/wp\/v2\/posts\/56766\/revisions"}],"wp:featuredmedia":[{"embeddable":true,"href":"https:\/\/www.europesays.com\/se\/wp-json\/wp\/v2\/media\/56767"}],"wp:attachment":[{"href":"https:\/\/www.europesays.com\/se\/wp-json\/wp\/v2\/media?parent=56766"}],"wp:term":[{"taxonomy":"category","embeddable":true,"href":"https:\/\/www.europesays.com\/se\/wp-json\/wp\/v2\/categories?post=56766"},{"taxonomy":"post_tag","embeddable":true,"href":"https:\/\/www.europesays.com\/se\/wp-json\/wp\/v2\/tags?post=56766"}],"curies":[{"name":"wp","href":"https:\/\/api.w.org\/{rel}","templated":true}]}}