{"id":56803,"date":"2025-10-16T07:45:08","date_gmt":"2025-10-16T07:45:08","guid":{"rendered":"https:\/\/www.europesays.com\/se\/56803\/"},"modified":"2025-10-16T07:45:08","modified_gmt":"2025-10-16T07:45:08","slug":"ar-vi-redo-for-det-ryska-propagandakriget-patrik-oksanen","status":"publish","type":"post","link":"https:\/\/www.europesays.com\/se\/56803\/","title":{"rendered":"\u00c4r vi redo f\u00f6r det ryska propagandakriget? | Patrik Oksanen"},"content":{"rendered":"<p>Det h\u00e4r \u00e4r en text fr\u00e5n SvD Ledare. Ledarredaktionen \u00e4r partipolitiskt oavh\u00e4ngig med beteckningen obunden moderat.<\/p>\n<p>F\u00f6rest\u00e4ll dig att en familjemedlem har tagits som krigsf\u00e5nge och h\u00e5lls i ett ryskt l\u00e4ger. S\u00e5 ringer telefonen. R\u00f6sten i andra \u00e4nden \u00e4r anonym, men s\u00e4ger sig representera en rysk institution som ansvarar f\u00f6r f\u00e5ngutv\u00e4xlingar. F\u00f6r att just din anh\u00f6rige ska frigivas uppmanas du att skicka ett stort antal e-brev och petitioner till ukrainska och internationella organisationer \u2013 som R\u00f6da korset. Underf\u00f6rst\u00e5tt kan det ocks\u00e5 finnas ett hot mot den anh\u00f6riges liv \u2013 s\u00e4rskilt n\u00e4r man vet hur utbredd tortyren \u00e4r bland de krigsf\u00e5ngar som Ryssland tagit.<\/p>\n","protected":false},"excerpt":{"rendered":"Det h\u00e4r \u00e4r en text fr\u00e5n SvD Ledare. Ledarredaktionen \u00e4r partipolitiskt oavh\u00e4ngig med beteckningen obunden moderat. F\u00f6rest\u00e4ll dig&hellip;\n","protected":false},"author":2,"featured_media":56804,"comment_status":"","ping_status":"","sticky":false,"template":"","format":"standard","meta":{"footnotes":""},"categories":[5],"tags":[22,23,26,27,17,21,24,25,28,29,15,16,18,34,31,33,32,30,19,20],"class_list":{"0":"post-56803","1":"post","2":"type-post","3":"status-publish","4":"format-standard","5":"has-post-thumbnail","7":"category-rubriker","8":"tag-breaking-news","9":"tag-breakingnews","10":"tag-featured-news","11":"tag-featurednews","12":"tag-headlines","13":"tag-huvudnyheter","14":"tag-latest-news","15":"tag-latestnews","16":"tag-main-news","17":"tag-mainnews","18":"tag-news","19":"tag-nyheter","20":"tag-rubriker","21":"tag-se","22":"tag-svenska","23":"tag-sverige","24":"tag-sweden","25":"tag-swedish","26":"tag-top-stories","27":"tag-topstories"},"share_on_mastodon":{"url":"","error":""},"_links":{"self":[{"href":"https:\/\/www.europesays.com\/se\/wp-json\/wp\/v2\/posts\/56803","targetHints":{"allow":["GET"]}}],"collection":[{"href":"https:\/\/www.europesays.com\/se\/wp-json\/wp\/v2\/posts"}],"about":[{"href":"https:\/\/www.europesays.com\/se\/wp-json\/wp\/v2\/types\/post"}],"author":[{"embeddable":true,"href":"https:\/\/www.europesays.com\/se\/wp-json\/wp\/v2\/users\/2"}],"replies":[{"embeddable":true,"href":"https:\/\/www.europesays.com\/se\/wp-json\/wp\/v2\/comments?post=56803"}],"version-history":[{"count":0,"href":"https:\/\/www.europesays.com\/se\/wp-json\/wp\/v2\/posts\/56803\/revisions"}],"wp:featuredmedia":[{"embeddable":true,"href":"https:\/\/www.europesays.com\/se\/wp-json\/wp\/v2\/media\/56804"}],"wp:attachment":[{"href":"https:\/\/www.europesays.com\/se\/wp-json\/wp\/v2\/media?parent=56803"}],"wp:term":[{"taxonomy":"category","embeddable":true,"href":"https:\/\/www.europesays.com\/se\/wp-json\/wp\/v2\/categories?post=56803"},{"taxonomy":"post_tag","embeddable":true,"href":"https:\/\/www.europesays.com\/se\/wp-json\/wp\/v2\/tags?post=56803"}],"curies":[{"name":"wp","href":"https:\/\/api.w.org\/{rel}","templated":true}]}}