{"id":56811,"date":"2025-10-16T08:04:18","date_gmt":"2025-10-16T08:04:18","guid":{"rendered":"https:\/\/www.europesays.com\/se\/56811\/"},"modified":"2025-10-16T08:04:18","modified_gmt":"2025-10-16T08:04:18","slug":"ian-watkins-fran-rockstjarna-till-mordad-pedofil-aftonbladet-podcast","status":"publish","type":"post","link":"https:\/\/www.europesays.com\/se\/56811\/","title":{"rendered":"Ian Watkins \u2013 fr\u00e5n rockstj\u00e4rna till m\u00f6rdad pedofil \u2013 Aftonbladet podcast"},"content":{"rendered":"<p class=\"hyperion-css-81xgzb\" data-test-tag=\"lead-text\">Ian Watkins, s\u00e5ngaren i rockbandet Lostprophets blev i mitten av oktober m\u00f6rdad p\u00e5 det engelska f\u00e4ngelset Wakefield. D\u00e4r satt han inl\u00e5st, d\u00f6md f\u00f6r en m\u00e4ngd grova sex\u00f6vergrepp p\u00e5 barn. Bandmedlemmarna har hela tiden h\u00e4vdat att de inte visste n\u00e5gonting om hans \u00f6vergrepp och Lostprophets, som s\u00e5lt miljontals album och turnerat \u00f6ver hela v\u00e4rlden, uppl\u00f6stes n\u00e4r r\u00e4tteg\u00e5ngen mot Ian Watkins startade. <br \/>Vem var han? Och vilket avtryck har Lostprophets l\u00e4mnat i musikhistorien? Rockjournalisten Markus Larsson, som tidigare intervjuat bandet, f\u00f6rklarar.<br \/>G\u00e4st: Markus Larsson, rockjournalist p\u00e5 Aftonbladet<br \/>Programledare och producent: Love Isakson Svens\u00e9n<br \/>Kontakt: podcast@aftonbladet.se<\/p>\n<p class=\"hyperion-css-1nltwgz\">TORSDAG 16 OKTOBER 2025<\/p>\n<p>Alla Aftonbladets podcastsOM AFTONBLADET<img decoding=\"async\" class=\"image-asset hyperion-css-1jajoup\" data-test-tag=\"image-asset\" src=\"https:\/\/www.europesays.com\/se\/wp-content\/uploads\/2025\/09\/hierta-about.png\"  alt=\"\"  loading=\"lazy\" fetchpriority=\"auto\" style=\"aspect-ratio:150 \/ 174\"\/><img decoding=\"async\" class=\"image-asset hyperion-css-ijo9a7\" data-test-tag=\"image-asset\" src=\"https:\/\/www.europesays.com\/se\/wp-content\/uploads\/2025\/09\/1756955725_953_hierta-about.png\"  alt=\"\"  loading=\"lazy\" fetchpriority=\"auto\" style=\"aspect-ratio:150 \/ 174\"\/><\/p>\n<p class=\"boxtextgrotesk-root_baa6 hyperion-css-oer9fj\"><strong>Tj\u00e4nstg\u00f6rande redakt\u00f6rer: <\/strong><a aria-label=\"Ebba Strand\" class=\"podcast-episode hyperion-css-15jkft9\" href=\"https:\/\/www.aftonbladet.se\/podcasts\/ab\/episode\/mailto:ebba.strand@schibsted.com\" rel=\"noopener nofollow\" data-test-tag=\"external-link\" target=\"_blank\">Ebba Strand<\/a>, <a aria-label=\"Alba Qmega\" class=\"podcast-episode hyperion-css-15jkft9\" href=\"https:\/\/www.aftonbladet.se\/podcasts\/ab\/episode\/mailto:alba.qmega@schibsted.com\" rel=\"noopener nofollow\" data-test-tag=\"external-link\" target=\"_blank\">Alba Qmega<\/a> och <a aria-label=\"Nils H\u00f6glander\" class=\"podcast-episode hyperion-css-15jkft9\" href=\"https:\/\/www.aftonbladet.se\/podcasts\/ab\/episode\/mailto:nils.hoglander@schibsted.com\" rel=\"noopener nofollow\" data-test-tag=\"external-link\" target=\"_blank\">Nils H\u00f6glander<\/a><br \/><strong>Chefredakt\u00f6r, vd och ansvarig utgivare<\/strong>: Lotta Folcker<br \/><strong>Stf ansvariga utgivare<\/strong>: Karin Schmidt, Magnus Herbertsson, Martin Schori<br \/><strong>Redaktionschef<\/strong>: Karin Schmidt <\/p>\n<p>Inst\u00e4llningar f\u00f6r cookies<a data-test-tag=\"internal-link\" href=\"https:\/\/www.aftonbladet.se\/omaftonbladet\/a\/LOlQ4\/om-aftonbladet\" class=\"hyperion-css-1rh4zir\" rel=\"nofollow noopener\" target=\"\" aria-label=\"OM AFTONBLADET\"><\/p>\n<p class=\"boxtextgrotesk-root_baa6 hyperion-css-78kyj3\">OM AFTONBLADET<\/p>\n<p><\/a><\/p>\n","protected":false},"excerpt":{"rendered":"Ian Watkins, s\u00e5ngaren i rockbandet Lostprophets blev i mitten av oktober m\u00f6rdad p\u00e5 det engelska f\u00e4ngelset Wakefield. D\u00e4r&hellip;\n","protected":false},"author":2,"featured_media":27149,"comment_status":"","ping_status":"","sticky":false,"template":"","format":"standard","meta":{"footnotes":""},"categories":[67],"tags":[104,34,31,33,32,30,105],"class_list":{"0":"post-56811","1":"post","2":"type-post","3":"status-publish","4":"format-standard","5":"has-post-thumbnail","7":"category-underhallning","8":"tag-entertainment","9":"tag-se","10":"tag-svenska","11":"tag-sverige","12":"tag-sweden","13":"tag-swedish","14":"tag-underhallning"},"share_on_mastodon":{"url":"","error":""},"_links":{"self":[{"href":"https:\/\/www.europesays.com\/se\/wp-json\/wp\/v2\/posts\/56811","targetHints":{"allow":["GET"]}}],"collection":[{"href":"https:\/\/www.europesays.com\/se\/wp-json\/wp\/v2\/posts"}],"about":[{"href":"https:\/\/www.europesays.com\/se\/wp-json\/wp\/v2\/types\/post"}],"author":[{"embeddable":true,"href":"https:\/\/www.europesays.com\/se\/wp-json\/wp\/v2\/users\/2"}],"replies":[{"embeddable":true,"href":"https:\/\/www.europesays.com\/se\/wp-json\/wp\/v2\/comments?post=56811"}],"version-history":[{"count":0,"href":"https:\/\/www.europesays.com\/se\/wp-json\/wp\/v2\/posts\/56811\/revisions"}],"wp:featuredmedia":[{"embeddable":true,"href":"https:\/\/www.europesays.com\/se\/wp-json\/wp\/v2\/media\/27149"}],"wp:attachment":[{"href":"https:\/\/www.europesays.com\/se\/wp-json\/wp\/v2\/media?parent=56811"}],"wp:term":[{"taxonomy":"category","embeddable":true,"href":"https:\/\/www.europesays.com\/se\/wp-json\/wp\/v2\/categories?post=56811"},{"taxonomy":"post_tag","embeddable":true,"href":"https:\/\/www.europesays.com\/se\/wp-json\/wp\/v2\/tags?post=56811"}],"curies":[{"name":"wp","href":"https:\/\/api.w.org\/{rel}","templated":true}]}}