{"id":56812,"date":"2025-10-16T08:08:08","date_gmt":"2025-10-16T08:08:08","guid":{"rendered":"https:\/\/www.europesays.com\/se\/56812\/"},"modified":"2025-10-16T08:08:08","modified_gmt":"2025-10-16T08:08:08","slug":"man-begars-haktad-misstankt-for-mordet-pa-salwan-momika","status":"publish","type":"post","link":"https:\/\/www.europesays.com\/se\/56812\/","title":{"rendered":"Man beg\u00e4rs h\u00e4ktad \u2013 misst\u00e4nkt f\u00f6r mordet p\u00e5 Salwan Momika"},"content":{"rendered":"<p>Polisen har hittat en misst\u00e4nkt f\u00f6r mordet p\u00e5 koranbr\u00e4nnaren Salwan Momika.<\/p>\n<p>En 24-\u00e5rig man har nu beg\u00e4rts h\u00e4ktad i sin utevaro.<\/p>\n<p>Enligt Expressens uppgifter flydde mannen till Iran efter mordet.<\/p>\n<p>\u00c5klagaren menar att mordet f\u00f6regicks av en \u201dnoggran planering\u201d.<\/p>\n<p>Koranbr\u00e4nnarens pappa: \u201dJag s\u00e5g tre skott i hans panna\u201d<img loading=\"lazy\"   alt=\"\"\/><\/p>\n<p>24-\u00e5ring misst\u00e4nks ha m\u00f6rdat Salwan Momika.<\/p>\n<p>Foto: Polisen<\/p>\n<p>\u00d6ppna bild i helsk\u00e4rm<img loading=\"lazy\"   alt=\"\"\/><\/p>\n<p>Salwan Momikas misst\u00e4nkta m\u00f6rdare har beg\u00e4rts h\u00e4ktad.<\/p>\n<p>Foto: PELLE T NILSSON \/ SPA SPA | SWEDISH PRESS AGENCY<\/p>\n<p>\u00d6ppna bild i helsk\u00e4rm<img loading=\"lazy\"   alt=\"\"\/><\/p>\n<p>24-\u00e5ringen \u00e4r sedan tidigare d\u00f6md f\u00f6r mindre grov brottslighet.<\/p>\n<p>Foto: Polisen,<\/p>\n<p>\u00d6ppna bild i helsk\u00e4rm<\/p>\n<p>Expressen kunde i g\u00e5r avsl\u00f6ja att <a href=\"https:\/\/www.expressen.se\/nyheter\/sverige\/de-stannar-pa-clas-ohlson-forlorar-10-000-i-manaden\/\" rel=\"nofollow noopener\" target=\"_blank\">polisen identifierat en misst\u00e4nkt m\u00f6rdare.<\/a> Efter mordet flydde mannen till Iran, erfar Expressen.\u00a0<\/p>\n<p>Nu har han beg\u00e4rts h\u00e4ktad i sin utevaro p\u00e5 sannolika sk\u00e4l misst\u00e4nkt f\u00f6r mord och grovt vapenbrott.<\/p>\n<p>\u2013 Vi har en god bild av h\u00e4ndelsef\u00f6rloppet och efter omfattande tekniska unders\u00f6kningar och genomg\u00e5ng av inh\u00e4mtade \u00f6vervakningsfilmer har en person beg\u00e4rts h\u00e4ktad i utevaro p\u00e5 sannolika sk\u00e4l misst\u00e4nkt f\u00f6r mord, s\u00e4ger senior \u00e5klagare Rasmus \u00d6man som leder f\u00f6runders\u00f6kningen, i ett pressmeddelande.<\/p>\n<p>I h\u00e4ktningsframst\u00e4llan st\u00e5r det att mordet f\u00f6reg\u00e5tts av \u201dnoggrann planering\u201d. 24-\u00e5ringen \u00e4r sedan tidigare d\u00f6md f\u00f6r mindre grov brottslighet.\u00a0<\/p>\n<p>Det framg\u00e5r ocks\u00e5 att han enligt \u00e5klagaren hade tillg\u00e5ng till mordvapnet under tre dagar i samband med mordet.<\/p>\n<p>\u00c5klagaren s\u00e4ger att det i nul\u00e4get \u00e4r oklart var personen befinner sig.<\/p>\n<p>H\u00e4ktningsf\u00f6rhandlingen \u00e4r planerad till fredagen.<\/p>\n<p>Sk\u00f6ts ihj\u00e4l under lives\u00e4ndning<\/p>\n<p>Momika sk\u00f6ts den 29 januari i \u00e5r till d\u00f6ds med tre skott under en p\u00e5g\u00e5ende lives\u00e4ndning p\u00e5 Tiktok.<\/p>\n<p>Profilen \u2013 som gjort sig k\u00e4nd f\u00f6r en rad koranbr\u00e4nningar som orsakade upplopp \u00f6ver hela Sverige \u2013 blev 38 \u00e5r.\u00a0<\/p>\n<p>Flera personer frihetsber\u00f6vades tidigt men sl\u00e4pptes sedan. F\u00f6rst nu, nio m\u00e5nader senare, har en misst\u00e4nkt beg\u00e4rts h\u00e4ktad i sin utevaro.<\/p>\n<p>\u2013 Det \u00e4r en stor l\u00e4ttnad f\u00f6r familjen att polisen \u00e4ntligen g\u00f6r framsteg i utredningen av mordet p\u00e5 <a href=\"https:\/\/www.expressen.se\/tagg\/person\/salwan-momika\/\" class=\"\" rel=\"nofollow noopener\" target=\"_blank\">Salwan Momika<\/a>, sa en familjemedlem till Expressen i samband med onsdagens avsl\u00f6jand.\u00a0<\/p>\n","protected":false},"excerpt":{"rendered":"Polisen har hittat en misst\u00e4nkt f\u00f6r mordet p\u00e5 koranbr\u00e4nnaren Salwan Momika. En 24-\u00e5rig man har nu beg\u00e4rts h\u00e4ktad&hellip;\n","protected":false},"author":2,"featured_media":56813,"comment_status":"","ping_status":"","sticky":false,"template":"","format":"standard","meta":{"footnotes":""},"categories":[12],"tags":[22,23,26,27,17,21,24,25,28,29,15,2165,16,2164,18,34,666,31,33,32,30,19,436,20],"class_list":{"0":"post-56812","1":"post","2":"type-post","3":"status-publish","4":"format-standard","5":"has-post-thumbnail","7":"category-sverige","8":"tag-breaking-news","9":"tag-breakingnews","10":"tag-featured-news","11":"tag-featurednews","12":"tag-headlines","13":"tag-huvudnyheter","14":"tag-latest-news","15":"tag-latestnews","16":"tag-main-news","17":"tag-mainnews","18":"tag-news","19":"tag-newsstory-mordet-pa-salwan-momika","20":"tag-nyheter","21":"tag-person-salwan-momika","22":"tag-rubriker","23":"tag-se","24":"tag-sections-krim","25":"tag-svenska","26":"tag-sverige","27":"tag-sweden","28":"tag-swedish","29":"tag-top-stories","30":"tag-topic-valdsbrott-mord","31":"tag-topstories"},"share_on_mastodon":{"url":"","error":""},"_links":{"self":[{"href":"https:\/\/www.europesays.com\/se\/wp-json\/wp\/v2\/posts\/56812","targetHints":{"allow":["GET"]}}],"collection":[{"href":"https:\/\/www.europesays.com\/se\/wp-json\/wp\/v2\/posts"}],"about":[{"href":"https:\/\/www.europesays.com\/se\/wp-json\/wp\/v2\/types\/post"}],"author":[{"embeddable":true,"href":"https:\/\/www.europesays.com\/se\/wp-json\/wp\/v2\/users\/2"}],"replies":[{"embeddable":true,"href":"https:\/\/www.europesays.com\/se\/wp-json\/wp\/v2\/comments?post=56812"}],"version-history":[{"count":0,"href":"https:\/\/www.europesays.com\/se\/wp-json\/wp\/v2\/posts\/56812\/revisions"}],"wp:featuredmedia":[{"embeddable":true,"href":"https:\/\/www.europesays.com\/se\/wp-json\/wp\/v2\/media\/56813"}],"wp:attachment":[{"href":"https:\/\/www.europesays.com\/se\/wp-json\/wp\/v2\/media?parent=56812"}],"wp:term":[{"taxonomy":"category","embeddable":true,"href":"https:\/\/www.europesays.com\/se\/wp-json\/wp\/v2\/categories?post=56812"},{"taxonomy":"post_tag","embeddable":true,"href":"https:\/\/www.europesays.com\/se\/wp-json\/wp\/v2\/tags?post=56812"}],"curies":[{"name":"wp","href":"https:\/\/api.w.org\/{rel}","templated":true}]}}