{"id":56848,"date":"2025-10-16T09:01:09","date_gmt":"2025-10-16T09:01:09","guid":{"rendered":"https:\/\/www.europesays.com\/se\/56848\/"},"modified":"2025-10-16T09:01:09","modified_gmt":"2025-10-16T09:01:09","slug":"ny-roman-av-romare-om-flickvansdiktator","status":"publish","type":"post","link":"https:\/\/www.europesays.com\/se\/56848\/","title":{"rendered":"Ny roman av Romare om \u201dflickv\u00e4nsdiktator\u201d"},"content":{"rendered":"<p>share-arrowDela<\/p>\n<p>unsaveSpara<\/p>\n<p>expand-left<\/p>\n<p>helsk\u00e4rm<img decoding=\"async\" class=\"image-asset hyperion-css-u06ts1\" data-test-tag=\"image-asset\" src=\"https:\/\/www.europesays.com\/se\/wp-content\/uploads\/2025\/10\/6bf866b8-e94b-4db4-8100-0e354899f22a\"  alt=\"F\u00f6rfattaren Amanda Romare har skrivit en uppf\u00f6ljare till debutromanen \u201dHalva Malm\u00f6 best\u00e5r av killar som har dumpat mig\u201d.\"  loading=\"eager\" fetchpriority=\"high\" style=\"aspect-ratio:1900 \/ 1183\"\/>F\u00f6rfattaren Amanda Romare har skrivit en uppf\u00f6ljare till debutromanen \u201dHalva Malm\u00f6 best\u00e5r av killar som har dumpat mig\u201d. Foto: Claudio Bresciani\/TT<\/p>\n<p class=\"hyperion-css-1shl3oz\" data-test-tag=\"lead-text\">Efter succ\u00e9debuten \u201dHalva Malm\u00f6 best\u00e5r av killar som dumpat mig\u201d kommer Amanda Romare nu med en ny roman.<\/p>\n<p class=\"hyperion-css-1v9qo5x\">\u201dJudas\u201d beskrivs som en uppf\u00f6ljare till den f\u00f6rsta och handlar om Amanda, som efter tolv \u00e5rs s\u00f6kande, \u00e4ntligen hittat k\u00e4rleken. Men enligt f\u00f6rlagets katalogtext \u00e4r hon inte alltid den h\u00e4rliga flickv\u00e4n som hon trodde sig vara utan i st\u00e4llet en \u201dmanisk diktator\u201d. Romanen \u00e4r skriven i dagboksform och ges ut den nionde januari.<\/p>\n<p class=\"hyperion-css-1v9qo5x\">\u201dHalva Malm\u00f6 best\u00e5r av killar som dumpat mig\u201d kom 2021 och har ocks\u00e5 blivit Netflix-serie.<\/p>\n","protected":false},"excerpt":{"rendered":"share-arrowDela unsaveSpara expand-left helsk\u00e4rmF\u00f6rfattaren Amanda Romare har skrivit en uppf\u00f6ljare till debutromanen \u201dHalva Malm\u00f6 best\u00e5r av killar som&hellip;\n","protected":false},"author":2,"featured_media":56849,"comment_status":"","ping_status":"","sticky":false,"template":"","format":"standard","meta":{"footnotes":""},"categories":[67],"tags":[104,34,31,33,32,30,105],"class_list":{"0":"post-56848","1":"post","2":"type-post","3":"status-publish","4":"format-standard","5":"has-post-thumbnail","7":"category-underhallning","8":"tag-entertainment","9":"tag-se","10":"tag-svenska","11":"tag-sverige","12":"tag-sweden","13":"tag-swedish","14":"tag-underhallning"},"share_on_mastodon":{"url":"","error":""},"_links":{"self":[{"href":"https:\/\/www.europesays.com\/se\/wp-json\/wp\/v2\/posts\/56848","targetHints":{"allow":["GET"]}}],"collection":[{"href":"https:\/\/www.europesays.com\/se\/wp-json\/wp\/v2\/posts"}],"about":[{"href":"https:\/\/www.europesays.com\/se\/wp-json\/wp\/v2\/types\/post"}],"author":[{"embeddable":true,"href":"https:\/\/www.europesays.com\/se\/wp-json\/wp\/v2\/users\/2"}],"replies":[{"embeddable":true,"href":"https:\/\/www.europesays.com\/se\/wp-json\/wp\/v2\/comments?post=56848"}],"version-history":[{"count":0,"href":"https:\/\/www.europesays.com\/se\/wp-json\/wp\/v2\/posts\/56848\/revisions"}],"wp:featuredmedia":[{"embeddable":true,"href":"https:\/\/www.europesays.com\/se\/wp-json\/wp\/v2\/media\/56849"}],"wp:attachment":[{"href":"https:\/\/www.europesays.com\/se\/wp-json\/wp\/v2\/media?parent=56848"}],"wp:term":[{"taxonomy":"category","embeddable":true,"href":"https:\/\/www.europesays.com\/se\/wp-json\/wp\/v2\/categories?post=56848"},{"taxonomy":"post_tag","embeddable":true,"href":"https:\/\/www.europesays.com\/se\/wp-json\/wp\/v2\/tags?post=56848"}],"curies":[{"name":"wp","href":"https:\/\/api.w.org\/{rel}","templated":true}]}}