{"id":56851,"date":"2025-10-16T09:06:17","date_gmt":"2025-10-16T09:06:17","guid":{"rendered":"https:\/\/www.europesays.com\/se\/56851\/"},"modified":"2025-10-16T09:06:17","modified_gmt":"2025-10-16T09:06:17","slug":"ingen-fordel-vara-en-robot","status":"publish","type":"post","link":"https:\/\/www.europesays.com\/se\/56851\/","title":{"rendered":"Ingen f\u00f6rdel vara en robot"},"content":{"rendered":"<p class=\"boxtextgrotesk-root_baa6 hyperion-css-1w346fg\">Uppdaterad 10.56 | Publicerad 10.45<\/p>\n<p>share-arrowDela<\/p>\n<p>unsaveSpara<\/p>\n<p>expand-left<\/p>\n<p>helsk\u00e4rm<img decoding=\"async\" class=\"image-asset hyperion-css-u06ts1\" data-test-tag=\"image-asset\" src=\"https:\/\/www.europesays.com\/se\/wp-content\/uploads\/2025\/10\/54a270cf-fc36-4411-aed4-f98b1adef2cf\"  alt=\"Armand Duplantis ger Frida Karlsson sitt st\u00f6d. Arkivbild.\"  loading=\"eager\" fetchpriority=\"high\" style=\"aspect-ratio:1900 \/ 1267\"\/>Armand Duplantis ger Frida Karlsson sitt st\u00f6d. Arkivbild. Foto: Fredrik Sandberg\/TT<\/p>\n<p class=\"hyperion-css-1shl3oz\" data-test-tag=\"lead-text\">Stavhoppsgiganten Armand Duplantis st\u00f6djer skid\u00e5karstj\u00e4rnan Frida Karlsson i hennes kritik mot alltf\u00f6r maskinliknande tr\u00e4ning.<\/p>\n<p class=\"hyperion-css-1shl3oz\" data-test-tag=\"lead-text\">\u2013 Det \u00e4r ingen f\u00f6rdel att vara en robot, s\u00e4ger han till Expressen.<\/p>\n<p class=\"hyperion-css-1v9qo5x\">I ett l\u00e5ngt inl\u00e4gg p\u00e5 Instagram beskrev Frida Karlsson hur hon tr\u00f6ttnat p\u00e5 att idrotten blivit s\u00e5 fyrkantig, att allting ska m\u00e4tas och optimeras och att \u201didrottare b\u00f6rjat formas mer som maskiner \u00e4n m\u00e4nniskor\u201d.<\/p>\n<p class=\"hyperion-css-1v9qo5x\">\u2013 Jag m\u00e5ste k\u00e4nna att det \u00e4r lust och inte ett m\u00e5ste. F\u00f6r mig \u00e4r det s\u00e5 himla tydligt att n\u00e4r jag tycker att det \u00e4r kul och n\u00e4r det \u00e4r lustfyllt och lite fritt och lekfullt, det \u00e4r d\u00e5 jag g\u00e5r fram\u00e5t, sade hon senare till TT.<\/p>\n<p class=\"hyperion-css-1v9qo5x\">Armand Duplantis ifr\u00e5gasatte, i en intervju med SVT i samband med VM i Tokyo, varf\u00f6r svenska idrottare s\u00e5 slaviskt f\u00f6ljer sina tr\u00e4ningsprogram. N\u00e4r han nu blev uppm\u00e4rksammad p\u00e5 Frida Karlssons utspel om maskinlik tr\u00e4ning, s\u00e4ger han:<\/p>\n<p class=\"hyperion-css-1v9qo5x\">\u2013 Jag h\u00e5ller med Frida! Och jag tror att jag \u00e4r ett v\u00e4ldigt bra exempel p\u00e5 att man kan ha ett liv vid sidan av sin idrott och \u00e4nd\u00e5 vara bra p\u00e5 den, s\u00e4ger han.<\/p>\n<p class=\"hyperion-css-1v9qo5x\">Han s\u00e4ger att han lever ett liv d\u00e4r han njuter av mycket grejer och umg\u00e5s med v\u00e4nner p\u00e5 helgerna n\u00e4r det passar med mitt tr\u00e4nings- och t\u00e4vlingsschema.<\/p>\n<p class=\"hyperion-css-1v9qo5x\">\u2013 Folk f\u00f6rst\u00e5r inte hur mycket det hj\u00e4lper ens prestation n\u00e4r man \u00e4r glad och har balans i livet. Inte bara tr\u00e4na p\u00e5 stenh\u00e5rt och f\u00f6lja ett schema. Det \u00e4r ingen f\u00f6rdel att vara en robot, s\u00e4ger Duplantis.<\/p>\n","protected":false},"excerpt":{"rendered":"Uppdaterad 10.56 | Publicerad 10.45 share-arrowDela unsaveSpara expand-left helsk\u00e4rmArmand Duplantis ger Frida Karlsson sitt st\u00f6d. Arkivbild. Foto: Fredrik&hellip;\n","protected":false},"author":2,"featured_media":56852,"comment_status":"","ping_status":"","sticky":false,"template":"","format":"standard","meta":{"footnotes":""},"categories":[5],"tags":[22,23,26,27,17,21,24,25,28,29,15,16,18,34,31,33,32,30,19,20],"class_list":{"0":"post-56851","1":"post","2":"type-post","3":"status-publish","4":"format-standard","5":"has-post-thumbnail","7":"category-rubriker","8":"tag-breaking-news","9":"tag-breakingnews","10":"tag-featured-news","11":"tag-featurednews","12":"tag-headlines","13":"tag-huvudnyheter","14":"tag-latest-news","15":"tag-latestnews","16":"tag-main-news","17":"tag-mainnews","18":"tag-news","19":"tag-nyheter","20":"tag-rubriker","21":"tag-se","22":"tag-svenska","23":"tag-sverige","24":"tag-sweden","25":"tag-swedish","26":"tag-top-stories","27":"tag-topstories"},"share_on_mastodon":{"url":"","error":""},"_links":{"self":[{"href":"https:\/\/www.europesays.com\/se\/wp-json\/wp\/v2\/posts\/56851","targetHints":{"allow":["GET"]}}],"collection":[{"href":"https:\/\/www.europesays.com\/se\/wp-json\/wp\/v2\/posts"}],"about":[{"href":"https:\/\/www.europesays.com\/se\/wp-json\/wp\/v2\/types\/post"}],"author":[{"embeddable":true,"href":"https:\/\/www.europesays.com\/se\/wp-json\/wp\/v2\/users\/2"}],"replies":[{"embeddable":true,"href":"https:\/\/www.europesays.com\/se\/wp-json\/wp\/v2\/comments?post=56851"}],"version-history":[{"count":0,"href":"https:\/\/www.europesays.com\/se\/wp-json\/wp\/v2\/posts\/56851\/revisions"}],"wp:featuredmedia":[{"embeddable":true,"href":"https:\/\/www.europesays.com\/se\/wp-json\/wp\/v2\/media\/56852"}],"wp:attachment":[{"href":"https:\/\/www.europesays.com\/se\/wp-json\/wp\/v2\/media?parent=56851"}],"wp:term":[{"taxonomy":"category","embeddable":true,"href":"https:\/\/www.europesays.com\/se\/wp-json\/wp\/v2\/categories?post=56851"},{"taxonomy":"post_tag","embeddable":true,"href":"https:\/\/www.europesays.com\/se\/wp-json\/wp\/v2\/tags?post=56851"}],"curies":[{"name":"wp","href":"https:\/\/api.w.org\/{rel}","templated":true}]}}