{"id":57020,"date":"2025-10-16T12:36:15","date_gmt":"2025-10-16T12:36:15","guid":{"rendered":"https:\/\/www.europesays.com\/se\/57020\/"},"modified":"2025-10-16T12:36:15","modified_gmt":"2025-10-16T12:36:15","slug":"livstidsdomen-mot-abdulqani-ali-shire-star-fast","status":"publish","type":"post","link":"https:\/\/www.europesays.com\/se\/57020\/","title":{"rendered":"Livstidsdomen mot Abdulqani Ali Shire st\u00e5r fast"},"content":{"rendered":"<p>Hovr\u00e4tten fastst\u00e4ller livstidsdomen mot 19-\u00e5rige Abdulqani Ali Shire. Han d\u00f6ms f\u00f6r att ha skjutit ihj\u00e4l en 27-\u00e5rig man p\u00e5 Roseng\u00e5rd i Malm\u00f6 i augusti f\u00f6rra \u00e5ret.<\/p>\n<p>Hovr\u00e4ttens bed\u00f6mning \u00e4r att omst\u00e4ndigheterna utesluter n\u00e5gon annan \u00e4n 19-\u00e5ringen som skytt, st\u00e5r det i ett pressmeddelande. Han d\u00f6ms ocks\u00e5 f\u00f6r grovt vapenbrott.<\/p>\n<p>Mordet \u00e4gde rum mitt p\u00e5 dagen och Abdulqani Ali Shire avlossade 21 skott mot offret, varav sex tr\u00e4ffade honom. Bland annat tr\u00e4ffades han i huvudet. <\/p>\n<p>Han sj\u00e4lv nekar till brott. <\/p>\n<p>Omni \u00e4r politiskt obundna och oberoende. Vi str\u00e4var efter att ge fler perspektiv p\u00e5 nyheterna. Har du fr\u00e5gor eller synpunkter kring v\u00e5r rapportering? <a href=\"https:\/\/omni.se\/livstidsdom-faststalls-for-mord-i-malmo\/a\/mailto:redaktion@omni.se\" class=\"ArticleActions_contactLink__W2F1M\" rel=\"nofollow noopener\" target=\"_blank\">Kontakta redaktionen<\/a><\/p>\n","protected":false},"excerpt":{"rendered":"Hovr\u00e4tten fastst\u00e4ller livstidsdomen mot 19-\u00e5rige Abdulqani Ali Shire. Han d\u00f6ms f\u00f6r att ha skjutit ihj\u00e4l en 27-\u00e5rig man&hellip;\n","protected":false},"author":2,"featured_media":57021,"comment_status":"","ping_status":"","sticky":false,"template":"","format":"standard","meta":{"footnotes":""},"categories":[5],"tags":[22,23,26,27,1456,17,21,24,25,28,29,417,15,16,18,34,389,31,33,32,30,19,20],"class_list":{"0":"post-57020","1":"post","2":"type-post","3":"status-publish","4":"format-standard","5":"has-post-thumbnail","7":"category-rubriker","8":"tag-breaking-news","9":"tag-breakingnews","10":"tag-featured-news","11":"tag-featurednews","12":"tag-gangvaldet","13":"tag-headlines","14":"tag-huvudnyheter","15":"tag-latest-news","16":"tag-latestnews","17":"tag-main-news","18":"tag-mainnews","19":"tag-malmo","20":"tag-news","21":"tag-nyheter","22":"tag-rubriker","23":"tag-se","24":"tag-skane-lan","25":"tag-svenska","26":"tag-sverige","27":"tag-sweden","28":"tag-swedish","29":"tag-top-stories","30":"tag-topstories"},"share_on_mastodon":{"url":"","error":""},"_links":{"self":[{"href":"https:\/\/www.europesays.com\/se\/wp-json\/wp\/v2\/posts\/57020","targetHints":{"allow":["GET"]}}],"collection":[{"href":"https:\/\/www.europesays.com\/se\/wp-json\/wp\/v2\/posts"}],"about":[{"href":"https:\/\/www.europesays.com\/se\/wp-json\/wp\/v2\/types\/post"}],"author":[{"embeddable":true,"href":"https:\/\/www.europesays.com\/se\/wp-json\/wp\/v2\/users\/2"}],"replies":[{"embeddable":true,"href":"https:\/\/www.europesays.com\/se\/wp-json\/wp\/v2\/comments?post=57020"}],"version-history":[{"count":0,"href":"https:\/\/www.europesays.com\/se\/wp-json\/wp\/v2\/posts\/57020\/revisions"}],"wp:featuredmedia":[{"embeddable":true,"href":"https:\/\/www.europesays.com\/se\/wp-json\/wp\/v2\/media\/57021"}],"wp:attachment":[{"href":"https:\/\/www.europesays.com\/se\/wp-json\/wp\/v2\/media?parent=57020"}],"wp:term":[{"taxonomy":"category","embeddable":true,"href":"https:\/\/www.europesays.com\/se\/wp-json\/wp\/v2\/categories?post=57020"},{"taxonomy":"post_tag","embeddable":true,"href":"https:\/\/www.europesays.com\/se\/wp-json\/wp\/v2\/tags?post=57020"}],"curies":[{"name":"wp","href":"https:\/\/api.w.org\/{rel}","templated":true}]}}